{"id":48825,"date":"2018-04-24T11:00:40","date_gmt":"2018-04-24T14:00:40","guid":{"rendered":"http:\/\/caririemacao.com\/1\/?p=48825"},"modified":"2018-04-24T11:00:40","modified_gmt":"2018-04-24T14:00:40","slug":"amenorreia-e-quadro-em-que-a-mulher-sofre-ausencia-de-menstruacao-o-que-causa","status":"publish","type":"post","link":"https:\/\/www.caririemacao.com\/1\/2018\/04\/24\/amenorreia-e-quadro-em-que-a-mulher-sofre-ausencia-de-menstruacao-o-que-causa\/","title":{"rendered":"Amenorreia \u00e9 quadro em que a mulher sofre aus\u00eancia de menstrua\u00e7\u00e3o: o que causa?"},"content":{"rendered":"<p>A menstrua\u00e7\u00e3o costuma aparecer para mulheres em per\u00edodos de 28 dias, embora em muitos casos pode chegar antes, depois ou, em alguns casos, ser interrompida em determinado momento. Essa interrup\u00e7\u00e3o completa pode ser atribu\u00edda a um quadro chamado de amenorreia e ocorre em v\u00e1rias condi\u00e7\u00f5es m\u00e9dicas.<\/p>\n<p>Em casos de gravidez, puberdade e menopausa a menstrua\u00e7\u00e3o, de fato, n\u00e3o acontece. Fora dessas circunst\u00e2ncias a amenorreia pode ser sintoma de uma condi\u00e7\u00e3o m\u00e9dica. Ao notar a falta de menstrua\u00e7\u00e3o por pelo menos tr\u00eas ciclos, \u00e9 muito prov\u00e1vel que seja sinal do quadro cl\u00ednico.<\/p>\n<p><strong>Causas da amenorr\u00e9ia<\/strong><\/p>\n<p>S\u00edndrome do Ov\u00e1rio Polic\u00edstico<\/p>\n<p>Diabetes<\/p>\n<p>Hipertireoidismo<\/p>\n<p>Hipotireoidismo<\/p>\n<p>Perda excessiva de peso<\/p>\n<p>Alguns contraceptivos<\/p>\n<p>Tamb\u00e9m pode causar amenorreia ter contra\u00eddo gripe, um v\u00edrus ou a ingest\u00e3o de alguns medicamentos espec\u00edficos<\/p>\n<p><strong>CARIRI EM A\u00c7\u00c3O<\/strong><\/p>\n<p><em>Com MSN\/Foto: Reprodu\u00e7\u00e3o Internet<\/em><\/p>\n<p><strong>Leia mais not\u00edcias em\u00a0<\/strong><a href=\"http:\/\/www.caririemacao.com\/\"><strong>caririemacao.com<\/strong><\/a><strong>, siga nossa p\u00e1gina no\u00a0<\/strong><a href=\"https:\/\/www.facebook.com\/CaririEmAcao\/?ref=aymt_homepage_panel\"><strong>Facebook<\/strong><\/a>,<strong>\u00a0<\/strong><a href=\"https:\/\/www.instagram.com\/cariri_em_acao\/?hl=pt-br\"><strong>Instagram<\/strong><\/a><strong>\u00a0e <\/strong><a href=\"https:\/\/www.youtube.com\/channel\/UCAptA0jQuYQy8vMhLt2m4qg\"><strong>Youtube<\/strong><\/a><strong>\u00a0e veja nossas mat\u00e9rias, v\u00eddeos e fotos. Voc\u00ea tamb\u00e9m pode enviar informa\u00e7\u00f5es \u00e0 Reda\u00e7\u00e3o do Portal Cariri em A\u00e7\u00e3o pelo WhatsApp (83) 9 9634.5791, (83) 9 9601-1162.<\/strong><\/p>\n","protected":false},"excerpt":{"rendered":"<p>A menstrua\u00e7\u00e3o costuma aparecer para mulheres em per\u00edodos de 28 dias, embora em muitos casos pode chegar antes, depois ou, em alguns casos, ser interrompida&hellip; <\/p>\n","protected":false},"author":2,"featured_media":48826,"comment_status":"closed","ping_status":"closed","sticky":false,"template":"","format":"standard","meta":{"sfsi_plus_gutenberg_text_before_share":"","sfsi_plus_gutenberg_show_text_before_share":"","sfsi_plus_gutenberg_icon_type":"","sfsi_plus_gutenberg_icon_alignemt":"","sfsi_plus_gutenburg_max_per_row":"","footnotes":""},"categories":[16],"tags":[],"class_list":["post-48825","post","type-post","status-publish","format-standard","has-post-thumbnail","hentry","category-saude"],"_links":{"self":[{"href":"https:\/\/www.caririemacao.com\/1\/wp-json\/wp\/v2\/posts\/48825","targetHints":{"allow":["GET"]}}],"collection":[{"href":"https:\/\/www.caririemacao.com\/1\/wp-json\/wp\/v2\/posts"}],"about":[{"href":"https:\/\/www.caririemacao.com\/1\/wp-json\/wp\/v2\/types\/post"}],"author":[{"embeddable":true,"href":"https:\/\/www.caririemacao.com\/1\/wp-json\/wp\/v2\/users\/2"}],"replies":[{"embeddable":true,"href":"https:\/\/www.caririemacao.com\/1\/wp-json\/wp\/v2\/comments?post=48825"}],"version-history":[{"count":0,"href":"https:\/\/www.caririemacao.com\/1\/wp-json\/wp\/v2\/posts\/48825\/revisions"}],"wp:featuredmedia":[{"embeddable":true,"href":"https:\/\/www.caririemacao.com\/1\/wp-json\/wp\/v2\/media\/48826"}],"wp:attachment":[{"href":"https:\/\/www.caririemacao.com\/1\/wp-json\/wp\/v2\/media?parent=48825"}],"wp:term":[{"taxonomy":"category","embeddable":true,"href":"https:\/\/www.caririemacao.com\/1\/wp-json\/wp\/v2\/categories?post=48825"},{"taxonomy":"post_tag","embeddable":true,"href":"https:\/\/www.caririemacao.com\/1\/wp-json\/wp\/v2\/tags?post=48825"}],"curies":[{"name":"wp","href":"https:\/\/api.w.org\/{rel}","templated":true}]}}