{"id":48831,"date":"2018-04-24T19:30:30","date_gmt":"2018-04-24T22:30:30","guid":{"rendered":"http:\/\/caririemacao.com\/1\/?p=48831"},"modified":"2018-04-24T19:30:30","modified_gmt":"2018-04-24T22:30:30","slug":"ministros-do-stf-admitem-possivel-liberdade-e-candidatura-de-lula","status":"publish","type":"post","link":"https:\/\/www.caririemacao.com\/1\/2018\/04\/24\/ministros-do-stf-admitem-possivel-liberdade-e-candidatura-de-lula\/","title":{"rendered":"Ministros do STF admitem poss\u00edvel liberdade e candidatura de Lula"},"content":{"rendered":"<p>Dois ministros do Supremo Tribunal Federal, Gilmar Mendes e Luiz Fux \u2013 este tamb\u00e9m presidente do Tribunal Superior Eleitoral -, comentaram em um evento em S\u00e3o Paulo os pr\u00f3ximos passos dos recursos da defesa do ex-presidente\u00a0Lula (PT)\u00a0na Corte.<\/p>\n<p>Gilmar Mendes come\u00e7ou criticando a antecipa\u00e7\u00e3o da pena do l\u00edder petista. Para o ministro, ao menos o fim dos recursos no TRF-4, a segunda inst\u00e2ncia da Lava Jato em Porto Alegre, deveria ter sido aguardado por Moro antes da expedi\u00e7\u00e3o da ordem de pris\u00e3o.<\/p>\n<p>Isso posto, o ministro admitiu que h\u00e1 a possibilidade de um recurso do ex-presidente que tramita na segunda turma do\u00a0STF\u00a0ser aceito, resultando na liberdade de Lula.<\/p>\n<p>Mendes tamb\u00e9m questionou se os dois crimes imputados a Lula, lavagem de dinheiro e corrup\u00e7\u00e3o passiva, n\u00e3o seriam de fato um crime apenas. Ele afirmou que a quest\u00e3o dever\u00e1 ser debatida pelos ministros, que poder\u00e3o rever a senten\u00e7a caso julguem que n\u00e3o ocorreu lavagem de dinheiro.<\/p>\n<p>\u201c\u00c9 preciso discutir se os dois crimes a que ele foi condenado s\u00e3o realmente dois crimes\u201d, sintetizou Gilmar.<\/p>\n<p>J\u00e1 o ministro Luiz Fux tocou em um tema que pode ser decisivo para as elei\u00e7\u00f5es presidenciais deste ano. Para ele, que \u00e9 presidente do Tribunal Superior Eleitoral, h\u00e1 a possibilidade de a candidatura de Lula ser registrada e de ele ser novamente candidato ao Planalto.<\/p>\n<p>\u201cA lei prev\u00ea que o acesso ao judici\u00e1rio \u00e9 cl\u00e1usula p\u00e9trea. Evidente que se o Supremo Tribunal Federal deferir uma liminar [favor\u00e1vel ao registro da candidatura], e o TSE vem abaixo dele, manda quem pode e obedece quem tem ju\u00edzo\u201d. Ou seja, disse, \u201cse o Supremo emitir uma ordem eu terei que, necessariamente, cumprir\u201d, resumiu.<\/p>\n<h3>Lula comemora pesquisas<\/h3>\n<p>A senadora Gleisi Hoffmann, presidente nacional do Partido dos Trabalhadores (\u00a0\u00a0PT\u00a0\u00a0), leu nesta segunda-feira (23) um carta escrita pelo ex-presidente\u00a0Luiz In\u00e1cio Lula da Silva\u00a0direcionada ao diret\u00f3rio do partido.<\/p>\n<p>Lula<strong>\u00a0<\/strong>\u00a0se disse feliz com os resultados das pesquisas eleitorais divulgadas recentemente, na qual figura como l\u00edder nos cen\u00e1rios em que sua candidatura foi mencionada, atingindo o dobro da prefer\u00eancia do segundo colocado, o deputado federal Jair Bolsonaro (PSL).<\/p>\n<p>O ex-presidente tamb\u00e9m ressaltou a import\u00e2ncia de 2018, tanto para os partidos progressistas quanto para a democracia como um todo. Ele ainda reafirmou sua inoc\u00eancia e disse querer a liberdade.<\/p>\n<p><strong>CARIRI EM A\u00c7\u00c3O<\/strong><\/p>\n<p><em>Com \u00daltimo segundo\/Foto:\u00a0\u00daltimo segundo<\/em><\/p>\n<p><strong>Leia mais not\u00edcias em\u00a0<\/strong><a href=\"http:\/\/www.caririemacao.com\/\"><strong>caririemacao.com<\/strong><\/a><strong>, siga nossa p\u00e1gina no\u00a0<\/strong><a href=\"https:\/\/www.facebook.com\/CaririEmAcao\/?ref=aymt_homepage_panel\"><strong>Facebook<\/strong><\/a>,<strong>\u00a0<\/strong><a href=\"https:\/\/www.instagram.com\/cariri_em_acao\/?hl=pt-br\"><strong>Instagram<\/strong><\/a><strong>\u00a0e\u00a0<\/strong><a href=\"https:\/\/www.youtube.com\/channel\/UCAptA0jQuYQy8vMhLt2m4qg\"><strong>Youtube<\/strong><\/a><strong>\u00a0e veja nossas mat\u00e9rias, v\u00eddeos e fotos. Voc\u00ea tamb\u00e9m pode enviar informa\u00e7\u00f5es \u00e0 Reda\u00e7\u00e3o do Portal Cariri em A\u00e7\u00e3o pelo WhatsApp (83) 9 9634.5791, (83) 9 9601-1162.<\/strong><\/p>\n<p>&nbsp;<\/p>\n","protected":false},"excerpt":{"rendered":"<p>Dois ministros do Supremo Tribunal Federal, Gilmar Mendes e Luiz Fux \u2013 este tamb\u00e9m presidente do Tribunal Superior Eleitoral -, comentaram em um evento em&hellip; <\/p>\n","protected":false},"author":2,"featured_media":48832,"comment_status":"closed","ping_status":"closed","sticky":false,"template":"","format":"standard","meta":{"sfsi_plus_gutenberg_text_before_share":"","sfsi_plus_gutenberg_show_text_before_share":"","sfsi_plus_gutenberg_icon_type":"","sfsi_plus_gutenberg_icon_alignemt":"","sfsi_plus_gutenburg_max_per_row":"","footnotes":""},"categories":[11],"tags":[],"class_list":["post-48831","post","type-post","status-publish","format-standard","has-post-thumbnail","hentry","category-politica"],"_links":{"self":[{"href":"https:\/\/www.caririemacao.com\/1\/wp-json\/wp\/v2\/posts\/48831","targetHints":{"allow":["GET"]}}],"collection":[{"href":"https:\/\/www.caririemacao.com\/1\/wp-json\/wp\/v2\/posts"}],"about":[{"href":"https:\/\/www.caririemacao.com\/1\/wp-json\/wp\/v2\/types\/post"}],"author":[{"embeddable":true,"href":"https:\/\/www.caririemacao.com\/1\/wp-json\/wp\/v2\/users\/2"}],"replies":[{"embeddable":true,"href":"https:\/\/www.caririemacao.com\/1\/wp-json\/wp\/v2\/comments?post=48831"}],"version-history":[{"count":0,"href":"https:\/\/www.caririemacao.com\/1\/wp-json\/wp\/v2\/posts\/48831\/revisions"}],"wp:featuredmedia":[{"embeddable":true,"href":"https:\/\/www.caririemacao.com\/1\/wp-json\/wp\/v2\/media\/48832"}],"wp:attachment":[{"href":"https:\/\/www.caririemacao.com\/1\/wp-json\/wp\/v2\/media?parent=48831"}],"wp:term":[{"taxonomy":"category","embeddable":true,"href":"https:\/\/www.caririemacao.com\/1\/wp-json\/wp\/v2\/categories?post=48831"},{"taxonomy":"post_tag","embeddable":true,"href":"https:\/\/www.caririemacao.com\/1\/wp-json\/wp\/v2\/tags?post=48831"}],"curies":[{"name":"wp","href":"https:\/\/api.w.org\/{rel}","templated":true}]}}