{"id":48834,"date":"2018-04-24T19:32:17","date_gmt":"2018-04-24T22:32:17","guid":{"rendered":"http:\/\/caririemacao.com\/1\/?p=48834"},"modified":"2018-04-24T19:32:17","modified_gmt":"2018-04-24T22:32:17","slug":"pb-tem-217-mil-criancas-e-adolescentes-na-extrema-pobreza","status":"publish","type":"post","link":"https:\/\/www.caririemacao.com\/1\/2018\/04\/24\/pb-tem-217-mil-criancas-e-adolescentes-na-extrema-pobreza\/","title":{"rendered":"PB tem 217 mil crian\u00e7as e adolescentes na extrema pobreza"},"content":{"rendered":"<p>A Para\u00edba possui 59,6%, ou 541.056, dos seus jovens, entre 0 e 14 anos, vivendo em situa\u00e7\u00e3o de pobreza, com at\u00e9 meio sal\u00e1rio m\u00ednimo. A constata\u00e7\u00e3o \u00e9 do Observat\u00f3rio da Crian\u00e7a, publicada pela Funda\u00e7\u00e3o Abrinq, nesta ter\u00e7a-feira (24).<\/p>\n<p>Conforme a pesquisa, com dados entre 1992 e 2015, a situa\u00e7\u00e3o melhorou desde 1992, quando mais de 1 milh\u00e3o de jovens entre 0 e 14 anos (88,8%) estavam em situa\u00e7\u00e3o de pobreza. J\u00e1 a situa\u00e7\u00e3o de extrema pobreza, quando o jovem vive com at\u00e9 um quarto de sal\u00e1rio m\u00ednimo, ainda afeta 217.187 crian\u00e7as e adolescentes na Para\u00edba.<\/p>\n<p>Para o soci\u00f3logo Lemuel Guerra, o principal fator da pobreza est\u00e1 relacionado a uma prec\u00e1ria distribui\u00e7\u00e3o de renda, que faz com que grandes riquezas fiquem concentradas nas m\u00e3os de um pequeno percentual.<\/p>\n<p>\u201cA gente ainda continua, infelizmente, vivendo em um arranjo social marcado por alta concentra\u00e7\u00e3o de renda. Que vai se manifestar em \u00edndices como estes. V\u00e1rios elementos v\u00e3o contribuir para que estes \u00edndices ainda sejam muito altos. Todos relacionados com a estrutura de distribui\u00e7\u00e3o de renda na qual nos vivemos h\u00e1 muito tempo\u201d, explicou.<\/p>\n<p>Ainda de acordo com Lemuel, os estados das regi\u00f5es Norte e Nordeste sofrem ainda mais com essa desigualdade, pelo fato de historicamente j\u00e1 serem subdesenvolvidos economicamente, fazendo com que o pr\u00f3prio mercado vire os olhos para os estado das regi\u00f5es Sul e Sudeste.<\/p>\n<p>\u201cSe a gente pensar em termos de movimento do capital no Brasil, a gente vai ver como centros mais importantes em termos de din\u00e2mica econ\u00f4mica nacional s\u00e3o justamente o Sudeste e o Sul. \u00c9 como se as estruturas arcaicas de distribui\u00e7\u00e3o de renda, elas fossem muito mais poderosas aqui no Nordeste do que s\u00e3o em S\u00e3o Paulo. Porque o pr\u00f3prio movimento do capital faz com que os n\u00edveis de desempenho da economia, de emprego na economia, eles sejam muito mais altos do que o que a gente observa aqui\u201d, apontou.<\/p>\n<p>Por outro lado, o soci\u00f3logo alertou que, por mais que os dados sejam preocupantes, h\u00e1 uma evolu\u00e7\u00e3o nos n\u00fameros no decorrer dos anos, o que aponta uma t\u00edmida melhoria.<\/p>\n<p><strong>CARIRI EM A\u00c7\u00c3O<\/strong><\/p>\n<p><em>Com Portal Correio\/Foto: Reprodu\u00e7\u00e3o Internet<\/em><\/p>\n<p><strong>Leia mais not\u00edcias em\u00a0<\/strong><a href=\"http:\/\/www.caririemacao.com\/\"><strong>caririemacao.com<\/strong><\/a><strong>, siga nossa p\u00e1gina no\u00a0<\/strong><a href=\"https:\/\/www.facebook.com\/CaririEmAcao\/?ref=aymt_homepage_panel\"><strong>Facebook<\/strong><\/a>,<strong>\u00a0<\/strong><a href=\"https:\/\/www.instagram.com\/cariri_em_acao\/?hl=pt-br\"><strong>Instagram<\/strong><\/a><strong>\u00a0e\u00a0<\/strong><a href=\"https:\/\/www.youtube.com\/channel\/UCAptA0jQuYQy8vMhLt2m4qg\"><strong>Youtube<\/strong><\/a><strong>\u00a0e veja nossas mat\u00e9rias, v\u00eddeos e fotos. Voc\u00ea tamb\u00e9m pode enviar informa\u00e7\u00f5es \u00e0 Reda\u00e7\u00e3o do Portal Cariri em A\u00e7\u00e3o pelo WhatsApp (83) 9 9634.5791, (83) 9 9601-1162.<\/strong><\/p>\n","protected":false},"excerpt":{"rendered":"<p>A Para\u00edba possui 59,6%, ou 541.056, dos seus jovens, entre 0 e 14 anos, vivendo em situa\u00e7\u00e3o de pobreza, com at\u00e9 meio sal\u00e1rio m\u00ednimo. A&hellip; <\/p>\n","protected":false},"author":2,"featured_media":48835,"comment_status":"closed","ping_status":"closed","sticky":false,"template":"","format":"standard","meta":{"sfsi_plus_gutenberg_text_before_share":"","sfsi_plus_gutenberg_show_text_before_share":"","sfsi_plus_gutenberg_icon_type":"","sfsi_plus_gutenberg_icon_alignemt":"","sfsi_plus_gutenburg_max_per_row":"","footnotes":""},"categories":[2],"tags":[],"class_list":["post-48834","post","type-post","status-publish","format-standard","has-post-thumbnail","hentry","category-geral"],"_links":{"self":[{"href":"https:\/\/www.caririemacao.com\/1\/wp-json\/wp\/v2\/posts\/48834","targetHints":{"allow":["GET"]}}],"collection":[{"href":"https:\/\/www.caririemacao.com\/1\/wp-json\/wp\/v2\/posts"}],"about":[{"href":"https:\/\/www.caririemacao.com\/1\/wp-json\/wp\/v2\/types\/post"}],"author":[{"embeddable":true,"href":"https:\/\/www.caririemacao.com\/1\/wp-json\/wp\/v2\/users\/2"}],"replies":[{"embeddable":true,"href":"https:\/\/www.caririemacao.com\/1\/wp-json\/wp\/v2\/comments?post=48834"}],"version-history":[{"count":0,"href":"https:\/\/www.caririemacao.com\/1\/wp-json\/wp\/v2\/posts\/48834\/revisions"}],"wp:featuredmedia":[{"embeddable":true,"href":"https:\/\/www.caririemacao.com\/1\/wp-json\/wp\/v2\/media\/48835"}],"wp:attachment":[{"href":"https:\/\/www.caririemacao.com\/1\/wp-json\/wp\/v2\/media?parent=48834"}],"wp:term":[{"taxonomy":"category","embeddable":true,"href":"https:\/\/www.caririemacao.com\/1\/wp-json\/wp\/v2\/categories?post=48834"},{"taxonomy":"post_tag","embeddable":true,"href":"https:\/\/www.caririemacao.com\/1\/wp-json\/wp\/v2\/tags?post=48834"}],"curies":[{"name":"wp","href":"https:\/\/api.w.org\/{rel}","templated":true}]}}