{"id":48842,"date":"2018-04-24T19:40:42","date_gmt":"2018-04-24T22:40:42","guid":{"rendered":"http:\/\/caririemacao.com\/1\/?p=48842"},"modified":"2018-04-24T19:40:42","modified_gmt":"2018-04-24T22:40:42","slug":"pf-pede-remocao-de-lula-de-cela-especial-em-curitiba","status":"publish","type":"post","link":"https:\/\/www.caririemacao.com\/1\/2018\/04\/24\/pf-pede-remocao-de-lula-de-cela-especial-em-curitiba\/","title":{"rendered":"PF pede remo\u00e7\u00e3o de Lula de cela especial em Curitiba"},"content":{"rendered":"<p>A Pol\u00edcia Federal (PF) pediu a remo\u00e7\u00e3o de Luiz In\u00e1cio Lula da Silva de suas depend\u00eancias, em Curitiba. Na sexta-feira, 20, foi pedido sob sigilo \u00e0 ju\u00edza Carolina Moura Lebbos, da 12\u00aa Vara Federal de Curitiba, que o ex-presidente\u00a0deixe a &#8220;cela&#8221; especial<strong>\u00a0<\/strong>preparada para in\u00edcio do cumprimento da pena de\u00a012 anos e um m\u00eas de pris\u00e3o<strong>\u00a0<\/strong>no caso triplex do Guaruj\u00e1 (SP).<\/p>\n<p>Nesta segunda-feira, 23, a ju\u00edza respons\u00e1vel pela execu\u00e7\u00e3o da pena de Lula determinou que o pedido seja analisado em um processo \u00e0 parte. &#8220;Autue-se em apartado o expediente.&#8221; O jornal O Estado de S. Paulo apurou que a PF n\u00e3o indicou para qual unidade prisional Lula deve ser removido.<\/p>\n<p>Em sua\u00a0terceira semana encarcerado na PF, para in\u00edcio de cumprimento da pena &#8211; ap\u00f3s encerramento do processo em segunda inst\u00e2ncia -, a defesa do ex-presidente n\u00e3o pediu at\u00e9 aqui o pedido de remo\u00e7\u00e3o para uma unidade prisional pr\u00f3xima do domic\u00edlio, um direito previsto na Lei de Execu\u00e7\u00e3o Penal.<\/p>\n<p>Nesta segunda-feira, a ju\u00edza negou pedido de 14 pessoas que queriam visitar Lula alegando serem amigos do ex-presidente. Carolina Lebbos determinou que as visitas ao petista, enquanto ele estiver na unidade policial, estar\u00e3o restritas aos familiares, al\u00e9m do contato regular com os advogados.<\/p>\n<p>Pela regra, Lula tem direito de ver a fam\u00edlia uma vez por semana. O contato com os advogados \u00e9 di\u00e1rio, durante os dias \u00fateis da semana. Regras iguais as dos demais detentos que est\u00e3o na carceragem da PF, que fica dois andares abaixo do local onde est\u00e1 sua &#8220;cela&#8221; especial.<\/p>\n<p>A aliados, ao advogado e nas mensagens ao militantes enviados nas \u00faltimas semanas, o petista reclama do isolamento, mas n\u00e3o das condi\u00e7\u00f5es f\u00edsicas do c\u00e1rcere.<\/p>\n<p><strong>CARIRI EM A\u00c7\u00c3O<\/strong><\/p>\n<p><em>Com R7\/Foto: Reprodu\u00e7\u00e3o Internet<\/em><\/p>\n<p><strong>Leia mais not\u00edcias em\u00a0<\/strong><a href=\"http:\/\/www.caririemacao.com\/\"><strong>caririemacao.com<\/strong><\/a><strong>, siga nossa p\u00e1gina no\u00a0<\/strong><a href=\"https:\/\/www.facebook.com\/CaririEmAcao\/?ref=aymt_homepage_panel\"><strong>Facebook<\/strong><\/a>,<strong>\u00a0<\/strong><a href=\"https:\/\/www.instagram.com\/cariri_em_acao\/?hl=pt-br\"><strong>Instagram<\/strong><\/a><strong>\u00a0e\u00a0<\/strong><a href=\"https:\/\/www.youtube.com\/channel\/UCAptA0jQuYQy8vMhLt2m4qg\"><strong>Youtube<\/strong><\/a><strong>\u00a0e veja nossas mat\u00e9rias, v\u00eddeos e fotos. Voc\u00ea tamb\u00e9m pode enviar informa\u00e7\u00f5es \u00e0 Reda\u00e7\u00e3o do Portal Cariri em A\u00e7\u00e3o pelo WhatsApp (83) 9 9634.5791, (83) 9 9601-1162.<\/strong><\/p>\n","protected":false},"excerpt":{"rendered":"<p>A Pol\u00edcia Federal (PF) pediu a remo\u00e7\u00e3o de Luiz In\u00e1cio Lula da Silva de suas depend\u00eancias, em Curitiba. Na sexta-feira, 20, foi pedido sob sigilo&hellip; <\/p>\n","protected":false},"author":2,"featured_media":48843,"comment_status":"closed","ping_status":"closed","sticky":false,"template":"","format":"standard","meta":{"sfsi_plus_gutenberg_text_before_share":"","sfsi_plus_gutenberg_show_text_before_share":"","sfsi_plus_gutenberg_icon_type":"","sfsi_plus_gutenberg_icon_alignemt":"","sfsi_plus_gutenburg_max_per_row":"","footnotes":""},"categories":[11],"tags":[],"class_list":["post-48842","post","type-post","status-publish","format-standard","has-post-thumbnail","hentry","category-politica"],"_links":{"self":[{"href":"https:\/\/www.caririemacao.com\/1\/wp-json\/wp\/v2\/posts\/48842","targetHints":{"allow":["GET"]}}],"collection":[{"href":"https:\/\/www.caririemacao.com\/1\/wp-json\/wp\/v2\/posts"}],"about":[{"href":"https:\/\/www.caririemacao.com\/1\/wp-json\/wp\/v2\/types\/post"}],"author":[{"embeddable":true,"href":"https:\/\/www.caririemacao.com\/1\/wp-json\/wp\/v2\/users\/2"}],"replies":[{"embeddable":true,"href":"https:\/\/www.caririemacao.com\/1\/wp-json\/wp\/v2\/comments?post=48842"}],"version-history":[{"count":0,"href":"https:\/\/www.caririemacao.com\/1\/wp-json\/wp\/v2\/posts\/48842\/revisions"}],"wp:featuredmedia":[{"embeddable":true,"href":"https:\/\/www.caririemacao.com\/1\/wp-json\/wp\/v2\/media\/48843"}],"wp:attachment":[{"href":"https:\/\/www.caririemacao.com\/1\/wp-json\/wp\/v2\/media?parent=48842"}],"wp:term":[{"taxonomy":"category","embeddable":true,"href":"https:\/\/www.caririemacao.com\/1\/wp-json\/wp\/v2\/categories?post=48842"},{"taxonomy":"post_tag","embeddable":true,"href":"https:\/\/www.caririemacao.com\/1\/wp-json\/wp\/v2\/tags?post=48842"}],"curies":[{"name":"wp","href":"https:\/\/api.w.org\/{rel}","templated":true}]}}