{"id":48853,"date":"2018-04-24T19:51:46","date_gmt":"2018-04-24T22:51:46","guid":{"rendered":"http:\/\/caririemacao.com\/1\/?p=48853"},"modified":"2018-04-24T19:51:46","modified_gmt":"2018-04-24T22:51:46","slug":"senac-abre-inscricoes-em-13-cursos-superiores-a-distancia","status":"publish","type":"post","link":"https:\/\/www.caririemacao.com\/1\/2018\/04\/24\/senac-abre-inscricoes-em-13-cursos-superiores-a-distancia\/","title":{"rendered":"Senac abre inscri\u00e7\u00f5es em 13 cursos superiores \u00e0 dist\u00e2ncia"},"content":{"rendered":"<p>Est\u00e3o abertas as inscri\u00e7\u00f5es em 13 cursos de gradua\u00e7\u00e3o a dist\u00e2ncia que come\u00e7am no segundo semestre deste ano. Os cursos s\u00e3o oferecidos pelo Centro Universit\u00e1rio Senac e as inscri\u00e7\u00f5es podem ser feitas at\u00e9 o dia 20 de agosto. Esta \u00e9 a primeira vez que os cursos s\u00e3o ofertados para o Polo presencial em Jo\u00e3o Pessoa.<\/p>\n<p>Para se inscrever no processo seletivo,\u00a0basta acessar o portal do Senac EAD, escolher o polo de interesse, fazer o login e selecionar o curso \u00e0 sua escolha.<\/p>\n<p>Ap\u00f3s optar pelo curso, o interessado pode utilizar a nota de reda\u00e7\u00e3o do Exame Nacional do Ensino M\u00e9dio (Enem), al\u00e9m de ter op\u00e7\u00e3o de ingresso por Portador de Diploma, de modo que quem j\u00e1 possui diploma de gradua\u00e7\u00e3o pode realizar a matr\u00edcula automaticamente. A entrada no curso tamb\u00e9m pode ser feita por meio da realiza\u00e7\u00e3o de uma Reda\u00e7\u00e3o on-line, sobre o tema sinalizado no edital, ou ap\u00f3s processo de sele\u00e7\u00e3o de transfer\u00eancia interna de outras unidades do Senac.<\/p>\n<p>Os cursos oferecidos pela institui\u00e7\u00e3o s\u00e3o de Tecnologia em Gest\u00e3o Comercial, Licenciatura em Pedagogia, Bacharelado em Administra\u00e7\u00e3o \u2013 Linha de Forma\u00e7\u00e3o Espec\u00edfica em Administra\u00e7\u00e3o de Empresas, Bacharelado em Ci\u00eancias Cont\u00e1beis, Tecnologia em Com\u00e9rcio Exterior, Tecnologia em Gest\u00e3o de Recursos Humanos, Tecnologia em Gest\u00e3o Financeira, Tecnologia em Gest\u00e3o P\u00fablica, Tecnologia em Log\u00edstica, Tecnologia em Marketing, Tecnologia em Processos Gerenciais, Tecnologia em Gest\u00e3o da Tecnologia da Informa\u00e7\u00e3o e Tecnologia em Gest\u00e3o Ambiental.<\/p>\n<p>Todos os polos s\u00e3o credenciados pelo Minist\u00e9rio da Educa\u00e7\u00e3o (MEC) e, por serem unidades pr\u00f3prias do Senac, contam com uma estrutura apropriada para as atividades presenciais da gradua\u00e7\u00e3o da rede. As aulas s\u00e3o ministradas totalmente pela internet, mas \u00e9 preciso realizar duas avalia\u00e7\u00f5es presenciais por semestre no polo escolhido. O polo de Jo\u00e3o Pessoa vai funcionar na avenida Jo\u00e3o Machado, 1.214, no bairro de Jaguaribe.<\/p>\n<h5>Mesmo diploma do presencial<\/h5>\n<p>O diploma da gradua\u00e7\u00e3o equivale a de um curso presencial. De acordo com o Minist\u00e9rio da Educa\u00e7\u00e3o (MEC), todo diploma de n\u00edvel superior tem a mesma validade, independentemente de o curso ser ofertado na modalidade presencial ou a dist\u00e2ncia (EAD). Desse modo, o diploma da gradua\u00e7\u00e3o do Senac EAD est\u00e1 alinhado a essa especifica\u00e7\u00e3o e pode ser usado para a conquista de um emprego que exija n\u00edvel superior, presta\u00e7\u00e3o de concurso p\u00fablico ou iniciar uma p\u00f3s-gradua\u00e7\u00e3o.<\/p>\n<p><strong>CARIRI EM A\u00c7\u00c3O<\/strong><\/p>\n<p><em>Com Jornal da Para\u00edba\/Foto: Reprodu\u00e7\u00e3o Internet<\/em><\/p>\n<p><strong>Leia mais not\u00edcias em\u00a0<\/strong><a href=\"http:\/\/www.caririemacao.com\/\"><strong>caririemacao.com<\/strong><\/a><strong>, siga nossa p\u00e1gina no\u00a0<\/strong><a href=\"https:\/\/www.facebook.com\/CaririEmAcao\/?ref=aymt_homepage_panel\"><strong>Facebook<\/strong><\/a>,<strong>\u00a0<\/strong><a href=\"https:\/\/www.instagram.com\/cariri_em_acao\/?hl=pt-br\"><strong>Instagram<\/strong><\/a><strong>\u00a0e\u00a0<\/strong><a href=\"https:\/\/www.youtube.com\/channel\/UCAptA0jQuYQy8vMhLt2m4qg\"><strong>Youtube<\/strong><\/a><strong>\u00a0e veja nossas mat\u00e9rias, v\u00eddeos e fotos. Voc\u00ea tamb\u00e9m pode enviar informa\u00e7\u00f5es \u00e0 Reda\u00e7\u00e3o do Portal Cariri em A\u00e7\u00e3o pelo WhatsApp (83) 9 9634.5791, (83) 9 9601-1162.<\/strong><\/p>\n","protected":false},"excerpt":{"rendered":"<p>Est\u00e3o abertas as inscri\u00e7\u00f5es em 13 cursos de gradua\u00e7\u00e3o a dist\u00e2ncia que come\u00e7am no segundo semestre deste ano. Os cursos s\u00e3o oferecidos pelo Centro Universit\u00e1rio&hellip; <\/p>\n","protected":false},"author":2,"featured_media":25124,"comment_status":"closed","ping_status":"closed","sticky":false,"template":"","format":"standard","meta":{"sfsi_plus_gutenberg_text_before_share":"","sfsi_plus_gutenberg_show_text_before_share":"","sfsi_plus_gutenberg_icon_type":"","sfsi_plus_gutenberg_icon_alignemt":"","sfsi_plus_gutenburg_max_per_row":"","footnotes":""},"categories":[14],"tags":[],"class_list":["post-48853","post","type-post","status-publish","format-standard","has-post-thumbnail","hentry","category-educacao"],"_links":{"self":[{"href":"https:\/\/www.caririemacao.com\/1\/wp-json\/wp\/v2\/posts\/48853","targetHints":{"allow":["GET"]}}],"collection":[{"href":"https:\/\/www.caririemacao.com\/1\/wp-json\/wp\/v2\/posts"}],"about":[{"href":"https:\/\/www.caririemacao.com\/1\/wp-json\/wp\/v2\/types\/post"}],"author":[{"embeddable":true,"href":"https:\/\/www.caririemacao.com\/1\/wp-json\/wp\/v2\/users\/2"}],"replies":[{"embeddable":true,"href":"https:\/\/www.caririemacao.com\/1\/wp-json\/wp\/v2\/comments?post=48853"}],"version-history":[{"count":0,"href":"https:\/\/www.caririemacao.com\/1\/wp-json\/wp\/v2\/posts\/48853\/revisions"}],"wp:featuredmedia":[{"embeddable":true,"href":"https:\/\/www.caririemacao.com\/1\/wp-json\/wp\/v2\/media\/25124"}],"wp:attachment":[{"href":"https:\/\/www.caririemacao.com\/1\/wp-json\/wp\/v2\/media?parent=48853"}],"wp:term":[{"taxonomy":"category","embeddable":true,"href":"https:\/\/www.caririemacao.com\/1\/wp-json\/wp\/v2\/categories?post=48853"},{"taxonomy":"post_tag","embeddable":true,"href":"https:\/\/www.caririemacao.com\/1\/wp-json\/wp\/v2\/tags?post=48853"}],"curies":[{"name":"wp","href":"https:\/\/api.w.org\/{rel}","templated":true}]}}