{"id":48858,"date":"2018-04-24T19:58:30","date_gmt":"2018-04-24T22:58:30","guid":{"rendered":"http:\/\/caririemacao.com\/1\/?p=48858"},"modified":"2018-04-24T19:58:30","modified_gmt":"2018-04-24T22:58:30","slug":"ministerio-da-saude-libera-r-13-milhao-para-hospitais-universitarios-da-paraiba","status":"publish","type":"post","link":"https:\/\/www.caririemacao.com\/1\/2018\/04\/24\/ministerio-da-saude-libera-r-13-milhao-para-hospitais-universitarios-da-paraiba\/","title":{"rendered":"Minist\u00e9rio da Sa\u00fade libera R$ 1,3 milh\u00e3o para hospitais universit\u00e1rios da Para\u00edba"},"content":{"rendered":"<div class=\"mc-column content-text active-extra-styles active-capital-letter\" data-block-type=\"unstyled\" data-block-weight=\"57\" data-block-id=\"2\">\n<p class=\"content-text__container theme-color-primary-first-letter\" data-track-category=\"Link no Texto\" data-track-links=\"\">Foi liberado um refor\u00e7o financeiro de R$ 1.360.625,30 para os tr\u00eas hospitais universit\u00e1rios federais da Para\u00edba, localizados em Jo\u00e3o Pessoa, Campina Grande e Cajazeiras, realizarem investimentos em reformas, obras e aquisi\u00e7\u00e3o de equipamentos. A libera\u00e7\u00e3o da verba ocorreu por meio de duas portarias do Minist\u00e9rio da Sa\u00fade (MS) publicadas nesta ter\u00e7a-feira (24), no Di\u00e1rio Oficial da Uni\u00e3o.<\/p>\n<\/div>\n<div class=\"mc-column content-text active-extra-styles \" data-block-type=\"unstyled\" data-block-weight=\"30\" data-block-id=\"3\">\n<p class=\"content-text__container \" data-track-category=\"Link no Texto\" data-track-links=\"\">O refor\u00e7o financeiro \u00e9 oriundo do Programa Nacional de Reestrutura\u00e7\u00e3o dos Hospitais Universit\u00e1rios Federais (Rehuf), gerido pela Empresa Brasileira de Servi\u00e7os Hospitalares (Ebserh), estatal vinculada ao Minist\u00e9rio da Educa\u00e7\u00e3o (MEC).<\/p>\n<\/div>\n<div class=\"mc-column content-text active-extra-styles \" data-block-type=\"unstyled\" data-block-weight=\"62\" data-block-id=\"4\">\n<p class=\"content-text__container \" data-track-category=\"Link no Texto\" data-track-links=\"\">De acordo com a portaria, a maior parte dos recursos vai ser destinada ao Hospital Universit\u00e1rio Alcides Carneiro, em Campina Grande, cuja verba ser\u00e1 de R$ 1 milh\u00e3o. Para o Hospital Universit\u00e1rio Julio M. Bandeira de Melo, em Cajazeiras v\u00e3o ser liberados R$ 337.652,30, enquanto que para o Hospital Universit\u00e1rio Lauro Wanderley, em Jo\u00e3o Pessoa, o repasse \u00e9 de R$ 23 mil.<\/p>\n<\/div>\n<div class=\"mc-column content-text active-extra-styles \" data-block-type=\"unstyled\" data-block-weight=\"53\" data-block-id=\"5\">\n<p class=\"content-text__container \" data-track-category=\"Link no Texto\" data-track-links=\"\">A libera\u00e7\u00e3o dos recursos est\u00e1 sendo realizada para v\u00e1rios hospitais universit\u00e1rios federais do pa\u00eds e totaliza um refor\u00e7o financeiro de mais R$ 68 milh\u00f5es, dos quais R$ 50,8 milh\u00f5es s\u00e3o para o custeio de materiais de uso di\u00e1rio das unidades e R$ 17,8 milh\u00f5es para investimentos em reformas, obras e aquisi\u00e7\u00e3o de equipamentos.<\/p>\n<\/div>\n<div class=\"mc-column content-text active-extra-styles \" data-block-type=\"unstyled\" data-block-weight=\"32\" data-block-id=\"6\">\n<p class=\"content-text__container \" data-track-category=\"Link no Texto\" data-track-links=\"\">Os recursos financeiros ser\u00e3o liberados mediante a comprova\u00e7\u00e3o da liquida\u00e7\u00e3o dos empenhos. Em 2018, o Rehuf j\u00e1 liberou de cerca de R$ 199,5 milh\u00f5es, somados os recursos do MS e do MEC.<\/p>\n<\/div>\n<div class=\"mc-column content-text active-extra-styles \" data-block-type=\"unstyled\" data-block-weight=\"60\" data-block-id=\"7\">\n<p class=\"content-text__container \" data-track-category=\"Link no Texto\" data-track-links=\"\">Segundo o presidente da estatal, Kleber Morais, a libera\u00e7\u00e3o dos recursos impulsiona a melhoria dos servi\u00e7os prestados de forma gratuita, pelo Sistema \u00danico de Sa\u00fade (SUS). \u201cOs recursos do Rehuf destinados aos hospitais universit\u00e1rios refor\u00e7am nosso compromisso com o ensino, a pesquisa, a inova\u00e7\u00e3o, sem esquecer do atendimento de excel\u00eancia \u00e0 sa\u00fade das pessoas que utilizam nossos servi\u00e7os\u201d, avalia Morais.<\/p>\n<\/div>\n<div class=\"mc-column content-text active-extra-styles\" data-block-type=\"raw\" data-block-weight=\"5\" data-block-id=\"8\">\n<div class=\"content-intertitle\">\n<h2>Reestrutura\u00e7\u00e3o e revitaliza\u00e7\u00e3o dos hospitais<\/h2>\n<\/div>\n<\/div>\n<div class=\"mc-column content-text active-extra-styles \" data-block-type=\"unstyled\" data-block-weight=\"63\" data-block-id=\"9\">\n<p class=\"content-text__container \" data-track-category=\"Link no Texto\" data-track-links=\"\">Os recursos do Rehuf, programa administrado pela Ebserh, s\u00e3o destinados \u00e0 reestrutura\u00e7\u00e3o e revitaliza\u00e7\u00e3o dos hospitais das universidades federais, integrados ao SUS. O objetivo \u00e9 criar condi\u00e7\u00f5es materiais e institucionais para que os hospitais universit\u00e1rios federais possam oferecer atendimento m\u00e9dico e hospitalar de qualidade \u00e0 popula\u00e7\u00e3o, proporcionar a forma\u00e7\u00e3o qualificada de profissionais da \u00e1rea de sa\u00fade e incentivar o ensino e a pesquisa.<\/p>\n<p class=\"content-text__container \" data-track-category=\"Link no Texto\" data-track-links=\"\"><span style=\"font-family: inherit; font-size: inherit; font-style: inherit; font-variant-ligatures: inherit; font-variant-caps: inherit; font-weight: inherit; text-align: center;\">A iniciativa tamb\u00e9m prev\u00ea o financiamento compartilhado dos hospitais por meio dos minist\u00e9rios da Educa\u00e7\u00e3o e da Sa\u00fade e contempla iniciativas de moderniza\u00e7\u00e3o da estrutura f\u00edsica e do parque tecnol\u00f3gico das unidades hospitalares.<\/span><\/p>\n<p><strong>CARIRI EM A\u00c7\u00c3O<\/strong><\/p>\n<p><em>Com G1\/Foto:\u00a0Leonardo Silva<\/em><\/p>\n<p><strong>Leia mais not\u00edcias em\u00a0<\/strong><a href=\"http:\/\/www.caririemacao.com\/\"><strong>caririemacao.com<\/strong><\/a><strong>, siga nossa p\u00e1gina no\u00a0<\/strong><a href=\"https:\/\/www.facebook.com\/CaririEmAcao\/?ref=aymt_homepage_panel\"><strong>Facebook<\/strong><\/a>,<strong>\u00a0<\/strong><a href=\"https:\/\/www.instagram.com\/cariri_em_acao\/?hl=pt-br\"><strong>Instagram<\/strong><\/a><strong>\u00a0e\u00a0<\/strong><a href=\"https:\/\/www.youtube.com\/channel\/UCAptA0jQuYQy8vMhLt2m4qg\"><strong>Youtube<\/strong><\/a><strong>\u00a0e veja nossas mat\u00e9rias, v\u00eddeos e fotos. Voc\u00ea tamb\u00e9m pode enviar informa\u00e7\u00f5es \u00e0 Reda\u00e7\u00e3o do Portal Cariri em A\u00e7\u00e3o pelo WhatsApp (83) 9 9634.5791, (83) 9 9601-1162.<\/strong><\/p>\n<\/div>\n","protected":false},"excerpt":{"rendered":"<p>Foi liberado um refor\u00e7o financeiro de R$ 1.360.625,30 para os tr\u00eas hospitais universit\u00e1rios federais da Para\u00edba, localizados em Jo\u00e3o Pessoa, Campina Grande e Cajazeiras, realizarem&hellip; <\/p>\n","protected":false},"author":2,"featured_media":48859,"comment_status":"closed","ping_status":"closed","sticky":false,"template":"","format":"standard","meta":{"sfsi_plus_gutenberg_text_before_share":"","sfsi_plus_gutenberg_show_text_before_share":"","sfsi_plus_gutenberg_icon_type":"","sfsi_plus_gutenberg_icon_alignemt":"","sfsi_plus_gutenburg_max_per_row":"","footnotes":""},"categories":[16],"tags":[],"class_list":["post-48858","post","type-post","status-publish","format-standard","has-post-thumbnail","hentry","category-saude"],"_links":{"self":[{"href":"https:\/\/www.caririemacao.com\/1\/wp-json\/wp\/v2\/posts\/48858","targetHints":{"allow":["GET"]}}],"collection":[{"href":"https:\/\/www.caririemacao.com\/1\/wp-json\/wp\/v2\/posts"}],"about":[{"href":"https:\/\/www.caririemacao.com\/1\/wp-json\/wp\/v2\/types\/post"}],"author":[{"embeddable":true,"href":"https:\/\/www.caririemacao.com\/1\/wp-json\/wp\/v2\/users\/2"}],"replies":[{"embeddable":true,"href":"https:\/\/www.caririemacao.com\/1\/wp-json\/wp\/v2\/comments?post=48858"}],"version-history":[{"count":0,"href":"https:\/\/www.caririemacao.com\/1\/wp-json\/wp\/v2\/posts\/48858\/revisions"}],"wp:featuredmedia":[{"embeddable":true,"href":"https:\/\/www.caririemacao.com\/1\/wp-json\/wp\/v2\/media\/48859"}],"wp:attachment":[{"href":"https:\/\/www.caririemacao.com\/1\/wp-json\/wp\/v2\/media?parent=48858"}],"wp:term":[{"taxonomy":"category","embeddable":true,"href":"https:\/\/www.caririemacao.com\/1\/wp-json\/wp\/v2\/categories?post=48858"},{"taxonomy":"post_tag","embeddable":true,"href":"https:\/\/www.caririemacao.com\/1\/wp-json\/wp\/v2\/tags?post=48858"}],"curies":[{"name":"wp","href":"https:\/\/api.w.org\/{rel}","templated":true}]}}