{"id":48867,"date":"2018-04-24T20:04:53","date_gmt":"2018-04-24T23:04:53","guid":{"rendered":"http:\/\/caririemacao.com\/1\/?p=48867"},"modified":"2018-04-24T20:04:53","modified_gmt":"2018-04-24T23:04:53","slug":"diretorio-do-pt-formaliza-candidatura-de-lula-para-presidente","status":"publish","type":"post","link":"https:\/\/www.caririemacao.com\/1\/2018\/04\/24\/diretorio-do-pt-formaliza-candidatura-de-lula-para-presidente\/","title":{"rendered":"Diret\u00f3rio do PT formaliza candidatura de Lula para presidente"},"content":{"rendered":"<div>O diret\u00f3rio nacional do PT decidiu nesta segunda-feira, 23, em Curitiba, formalizar a candidatura do ex-presidente Luiz In\u00e1cio Lula da Silva (PT) \u00e0 Presid\u00eancia e dar in\u00edcio \u00e0 pr\u00e9-campanha eleitoral mesmo com o petista preso. De acordo com o PT, que considera a condena\u00e7\u00e3o e pris\u00e3o do ex-presidente injustas, &#8220;a liberdade de Lula tornou-se quest\u00e3o central para a retomada do processo democr\u00e1tico no Brasil&#8221;.<\/div>\n<div><\/div>\n<div>Na resolu\u00e7\u00e3o aprovada, nesta segunda-feira, o PT reafirma que Lula \u00e9 a \u00fanica alternativa do partido para a disputa presidencial e pela primeira vez determina de maneira formal provid\u00eancias para o registro da candidatura do l\u00edder maior do partido.<\/div>\n<div><\/div>\n<div>Entre as provid\u00eancias aprovadas pela c\u00fapula do PT nesta segunda-feira est\u00e3o: &#8220;Convocar para 28 de julho o Encontro Nacional do PT que indicar\u00e1 formalmente Lula candidato a presidente; registrar a candidatura na Justi\u00e7a Eleitoral em 15 de agosto, conforme determina a legisla\u00e7\u00e3o; apresentar ao Pa\u00eds, nas pr\u00f3ximas semanas, as diretrizes do programa de governo Lula&#8221;.<\/div>\n<div><b>\u00a0<\/b><\/div>\n<div>Os petistas querem tamb\u00e9m deflagrar a pr\u00e9-campanha Lula presidente com a\u00e7\u00f5es de comunica\u00e7\u00e3o nas ruas, nas redes sociais e na imprensa. A ideia \u00e9 articular a pr\u00e9-campanha de Lula com os lan\u00e7amento das chapas estaduais, para governador, senadores, deputados estaduais e federais.<\/div>\n<div><\/div>\n<div>Por outro lado, o PT tamb\u00e9m decidiu refor\u00e7ar os la\u00e7os com os demais partidos de esquerda por meio da Frente Nacional em Defesa da Democracia, dos Direitos e da Soberania, que inclui PSOL, PDT, PSB e PCdoB, al\u00e9m de movimentos sociais e figuras do meio art\u00edstico e intelectual, com o objetivo de se contrapor ao avan\u00e7o da extrema direita e da viol\u00eancia pol\u00edtica exemplificada, segundo o PT, pelo assassinato da vereadora do Rio Marielle Franco e o ataque a tiros \u00e0 caravana de Lula no Paran\u00e1.<\/div>\n<div><\/div>\n<div>O PT lembra que Lula continua liderando as pesquisas eleitorais mesmo preso. Mais cedo a dire\u00e7\u00e3o petista recebeu uma carta do ex-presidente na qual ele se diz feliz com o resultado das pesquisas e questiona aliados que defendem uma atitude mais discreta do petista at\u00e9 que o Supremo Tribunal Federal julgue a a\u00e7\u00e3o que questiona a pris\u00e3o em segunda inst\u00e2ncia impetrada pelo PCdoB. &#8220;A Suprema Corte n\u00e3o tem que me absolver porque vou ficar bonzinho. Tem que votar porque sou inocente&#8221;, diz o ex-presidente.<\/div>\n<div>\n<p><strong>CARIRI EM A\u00c7\u00c3O<\/strong><\/p>\n<p><em>Com Blog do Alberto Barbosa\/Foto: Reprodu\u00e7\u00e3o Internet<\/em><\/p>\n<p><strong>Leia mais not\u00edcias em\u00a0<\/strong><a href=\"http:\/\/www.caririemacao.com\/\"><strong>caririemacao.com<\/strong><\/a><strong>, siga nossa p\u00e1gina no\u00a0<\/strong><a href=\"https:\/\/www.facebook.com\/CaririEmAcao\/?ref=aymt_homepage_panel\"><strong>Facebook<\/strong><\/a>,<strong>\u00a0<\/strong><a href=\"https:\/\/www.instagram.com\/cariri_em_acao\/?hl=pt-br\"><strong>Instagram<\/strong><\/a><strong>\u00a0e\u00a0<\/strong><a href=\"https:\/\/www.youtube.com\/channel\/UCAptA0jQuYQy8vMhLt2m4qg\"><strong>Youtube<\/strong><\/a><strong>\u00a0e veja nossas mat\u00e9rias, v\u00eddeos e fotos. Voc\u00ea tamb\u00e9m pode enviar informa\u00e7\u00f5es \u00e0 Reda\u00e7\u00e3o do Portal Cariri em A\u00e7\u00e3o pelo WhatsApp (83) 9 9634.5791, (83) 9 9601-1162.<\/strong><\/p>\n<\/div>\n","protected":false},"excerpt":{"rendered":"<p>O diret\u00f3rio nacional do PT decidiu nesta segunda-feira, 23, em Curitiba, formalizar a candidatura do ex-presidente Luiz In\u00e1cio Lula da Silva (PT) \u00e0 Presid\u00eancia e&hellip; <\/p>\n","protected":false},"author":2,"featured_media":48868,"comment_status":"closed","ping_status":"closed","sticky":false,"template":"","format":"standard","meta":{"sfsi_plus_gutenberg_text_before_share":"","sfsi_plus_gutenberg_show_text_before_share":"","sfsi_plus_gutenberg_icon_type":"","sfsi_plus_gutenberg_icon_alignemt":"","sfsi_plus_gutenburg_max_per_row":"","footnotes":""},"categories":[1],"tags":[],"class_list":["post-48867","post","type-post","status-publish","format-standard","has-post-thumbnail","hentry","category-o-site"],"_links":{"self":[{"href":"https:\/\/www.caririemacao.com\/1\/wp-json\/wp\/v2\/posts\/48867","targetHints":{"allow":["GET"]}}],"collection":[{"href":"https:\/\/www.caririemacao.com\/1\/wp-json\/wp\/v2\/posts"}],"about":[{"href":"https:\/\/www.caririemacao.com\/1\/wp-json\/wp\/v2\/types\/post"}],"author":[{"embeddable":true,"href":"https:\/\/www.caririemacao.com\/1\/wp-json\/wp\/v2\/users\/2"}],"replies":[{"embeddable":true,"href":"https:\/\/www.caririemacao.com\/1\/wp-json\/wp\/v2\/comments?post=48867"}],"version-history":[{"count":0,"href":"https:\/\/www.caririemacao.com\/1\/wp-json\/wp\/v2\/posts\/48867\/revisions"}],"wp:featuredmedia":[{"embeddable":true,"href":"https:\/\/www.caririemacao.com\/1\/wp-json\/wp\/v2\/media\/48868"}],"wp:attachment":[{"href":"https:\/\/www.caririemacao.com\/1\/wp-json\/wp\/v2\/media?parent=48867"}],"wp:term":[{"taxonomy":"category","embeddable":true,"href":"https:\/\/www.caririemacao.com\/1\/wp-json\/wp\/v2\/categories?post=48867"},{"taxonomy":"post_tag","embeddable":true,"href":"https:\/\/www.caririemacao.com\/1\/wp-json\/wp\/v2\/tags?post=48867"}],"curies":[{"name":"wp","href":"https:\/\/api.w.org\/{rel}","templated":true}]}}