{"id":48870,"date":"2018-04-24T20:07:07","date_gmt":"2018-04-24T23:07:07","guid":{"rendered":"http:\/\/caririemacao.com\/1\/?p=48870"},"modified":"2018-04-24T20:07:07","modified_gmt":"2018-04-24T23:07:07","slug":"mais-de-12-milhoes-de-contribuintes-ainda-nao-fizeram-a-declaracao-do-ir","status":"publish","type":"post","link":"https:\/\/www.caririemacao.com\/1\/2018\/04\/24\/mais-de-12-milhoes-de-contribuintes-ainda-nao-fizeram-a-declaracao-do-ir\/","title":{"rendered":"Mais de 12 milh\u00f5es de contribuintes ainda n\u00e3o fizeram a declara\u00e7\u00e3o do IR"},"content":{"rendered":"<p>A uma semana do prazo, 12,9 milh\u00f5es de contribuintes ainda n\u00e3o entregaram a declara\u00e7\u00e3o do\u00a0Imposto de Renda\u00a02018 (ano calend\u00e1rio 2017). A Receita informou que at\u00e9 as 11 horas desta segunda-feira, 23 de abril, 15.979.418 declara\u00e7\u00f5es foram recebidas.<\/p>\n<p>De acordo com o supervisor nacional do IR, Joaquim Adir, a expectativa \u00e9 de que 28,8 milh\u00f5es de contribuintes entreguem a declara\u00e7\u00e3o. O prazo de entrega da declara\u00e7\u00e3o vai at\u00e9 30 de abril.<\/p>\n<p>A Receita alerta que os contribuintes que perderem o prazo estar\u00e3o sujeitos ao pagamento de multa m\u00ednima de R$ 165,74 e m\u00e1xima de 20% do imposto devido.<\/p>\n<p>Neste ano \u00e9 obrigat\u00f3rio informar o CPF de dependentes a partir de 8 anos ou mais, completados at\u00e9 a data de 31\/12\/2017.<\/p>\n<h3>Quem \u00e9 obrigado a declarar o IR?<\/h3>\n<p>\u2013 Recebeu rendimentos tribut\u00e1veis cuja soma foi superior a R$ 28.559,70;<\/p>\n<p>\u2013 Recebeu rendimentos isentos, n\u00e3o tribut\u00e1veis ou tributados exclusivamente na fonte, que ultrapassaram R$ 40.000,00;<\/p>\n<p>\u2013 Teve receita bruta anual superior a R$ 142.798,50 com atividade rural;<\/p>\n<p>\u2013 Teve a posse ou a propriedade, em 31 de dezembro de 2016, de bens ou direitos, inclusive terra nua, de valor total superior a R$ 300.000,00;<\/p>\n<p>\u2013 Passou \u00e0 condi\u00e7\u00e3o de residente no Brasil em qualquer m\u00eas do ano passado e nessa condi\u00e7\u00e3o se encontrava na data de 31 de dezembro de 2016.<\/p>\n<p><strong>CARIRI EM A\u00c7\u00c3O<\/strong><\/p>\n<p><em>Com Exame.com\/Foto: Reprodu\u00e7\u00e3o Internet<\/em><\/p>\n<p><strong>Leia mais not\u00edcias em\u00a0<\/strong><a href=\"http:\/\/www.caririemacao.com\/\"><strong>caririemacao.com<\/strong><\/a><strong>, siga nossa p\u00e1gina no\u00a0<\/strong><a href=\"https:\/\/www.facebook.com\/CaririEmAcao\/?ref=aymt_homepage_panel\"><strong>Facebook<\/strong><\/a>,<strong>\u00a0<\/strong><a href=\"https:\/\/www.instagram.com\/cariri_em_acao\/?hl=pt-br\"><strong>Instagram<\/strong><\/a><strong>\u00a0e\u00a0<\/strong><a href=\"https:\/\/www.youtube.com\/channel\/UCAptA0jQuYQy8vMhLt2m4qg\"><strong>Youtube<\/strong><\/a><strong>\u00a0e veja nossas mat\u00e9rias, v\u00eddeos e fotos. Voc\u00ea tamb\u00e9m pode enviar informa\u00e7\u00f5es \u00e0 Reda\u00e7\u00e3o do Portal Cariri em A\u00e7\u00e3o pelo WhatsApp (83) 9 9634.5791, (83) 9 9601-1162.<\/strong><\/p>\n","protected":false},"excerpt":{"rendered":"<p>A uma semana do prazo, 12,9 milh\u00f5es de contribuintes ainda n\u00e3o entregaram a declara\u00e7\u00e3o do\u00a0Imposto de Renda\u00a02018 (ano calend\u00e1rio 2017). A Receita informou que at\u00e9&hellip; <\/p>\n","protected":false},"author":2,"featured_media":48871,"comment_status":"closed","ping_status":"closed","sticky":false,"template":"","format":"standard","meta":{"sfsi_plus_gutenberg_text_before_share":"","sfsi_plus_gutenberg_show_text_before_share":"","sfsi_plus_gutenberg_icon_type":"","sfsi_plus_gutenberg_icon_alignemt":"","sfsi_plus_gutenburg_max_per_row":"","footnotes":""},"categories":[2],"tags":[],"class_list":["post-48870","post","type-post","status-publish","format-standard","has-post-thumbnail","hentry","category-geral"],"_links":{"self":[{"href":"https:\/\/www.caririemacao.com\/1\/wp-json\/wp\/v2\/posts\/48870","targetHints":{"allow":["GET"]}}],"collection":[{"href":"https:\/\/www.caririemacao.com\/1\/wp-json\/wp\/v2\/posts"}],"about":[{"href":"https:\/\/www.caririemacao.com\/1\/wp-json\/wp\/v2\/types\/post"}],"author":[{"embeddable":true,"href":"https:\/\/www.caririemacao.com\/1\/wp-json\/wp\/v2\/users\/2"}],"replies":[{"embeddable":true,"href":"https:\/\/www.caririemacao.com\/1\/wp-json\/wp\/v2\/comments?post=48870"}],"version-history":[{"count":0,"href":"https:\/\/www.caririemacao.com\/1\/wp-json\/wp\/v2\/posts\/48870\/revisions"}],"wp:featuredmedia":[{"embeddable":true,"href":"https:\/\/www.caririemacao.com\/1\/wp-json\/wp\/v2\/media\/48871"}],"wp:attachment":[{"href":"https:\/\/www.caririemacao.com\/1\/wp-json\/wp\/v2\/media?parent=48870"}],"wp:term":[{"taxonomy":"category","embeddable":true,"href":"https:\/\/www.caririemacao.com\/1\/wp-json\/wp\/v2\/categories?post=48870"},{"taxonomy":"post_tag","embeddable":true,"href":"https:\/\/www.caririemacao.com\/1\/wp-json\/wp\/v2\/tags?post=48870"}],"curies":[{"name":"wp","href":"https:\/\/api.w.org\/{rel}","templated":true}]}}