{"id":48873,"date":"2018-04-24T20:10:52","date_gmt":"2018-04-24T23:10:52","guid":{"rendered":"http:\/\/caririemacao.com\/1\/?p=48873"},"modified":"2018-04-24T20:10:52","modified_gmt":"2018-04-24T23:10:52","slug":"luiz-fux-eleicoes-podem-ser-anuladas-por-causa-de-fake-news","status":"publish","type":"post","link":"https:\/\/www.caririemacao.com\/1\/2018\/04\/24\/luiz-fux-eleicoes-podem-ser-anuladas-por-causa-de-fake-news\/","title":{"rendered":"Luiz Fux: &#8216;Elei\u00e7\u00f5es podem ser anuladas por causa de fake news&#8217;"},"content":{"rendered":"<p>Se ficar comprovado que not\u00edcias falsas beneficiaram um candidato a ponto de garantir sua vit\u00f3ria, as elei\u00e7\u00f5es do Brasil podem chegar ao extremo de ser anuladas. A avalia\u00e7\u00e3o \u00e9 do ministro\u00a0Luiz Fux, presidente do Tribunal Superior Eleitoral, no\u00a0f\u00f3rum\u00a0Amarelas ao Vivo, promovido por VEJA, com o tema \u201cComo as redes sociais e as fake news afetar\u00e3o as elei\u00e7\u00f5es, o Brasil e voc\u00ea\u201d. O ministro foi entrevistado nesta ter\u00e7a-feira pelo redator-chefe da revista Policarpo Junior.<\/p>\n<p>Segundo Fux, a lei brasileira tem mecanismos para aplicar essa regra. \u201cA legisla\u00e7\u00e3o prev\u00ea coibir propagandas abusivas. Uma propaganda que visa destruir o candidato alheio configura um abuso de poder que pode levar \u00e0 cassa\u00e7\u00e3o.\u201d Para que o processo eleitoral n\u00e3o chegue a esse ponto, o ministro ressaltou que o TSE montou um comit\u00ea, com participa\u00e7\u00e3o da Pol\u00edcia Federal, do Minist\u00e9rio P\u00fablico e da Ag\u00eancia Brasileira de Intelig\u00eancia para impedir a prolifera\u00e7\u00e3o de not\u00edcias falsas.<\/p>\n<p>\u201cAs fake news acabam contaminando o ambiente politico e ferindo de morte o principio democr\u00e1tico. O voto s\u00f3 pode ser consciente se for antecedido da informa\u00e7\u00e3o exata sobre seu candidato\u201d, disse o ministro. Fux tamb\u00e9m mencionou que, em compara\u00e7\u00e3o com os Estados Unidos, a liberdade de express\u00e3o pode ser mais relativizada no Brasil.<\/p>\n<p>\u201cO Brasil \u00e9 um pa\u00eds que tamb\u00e9m privilegia a liberdade de express\u00e3o. Diferentemente de outros pa\u00edses, aqui h\u00e1 medidas judiciais de preven\u00e7\u00e3o e repress\u00e3o. No TSE n\u00f3s eligimos uma estrutura para agirmos preventivamente e repressivamente\u201d, disse. Ele destacou tamb\u00e9m o papel da imprensa nesse processo e cobrou o cidad\u00e3o para que cheque as not\u00edcias junto a fontes de informa\u00e7\u00e3o profissional para evitar que as fake news se espalhem.<\/p>\n<h3><strong>Ficha Limpa<\/strong><\/h3>\n<p>Perguntado sobre as chances de um candidato condenado em segunda inst\u00e2ncia concorrer, ainda que n\u00e3o tenha sido mencionado o nome do ex-presidenteLuiz In\u00e1cio Lula da Silva, o ministro Fux reconheceu que h\u00e1 uma possibilidade. \u201cSe o Supremo vier a conceder uma liminar que permita o registro, o TSE tem de conceder\u201d. Fux, entretanto, ressaltou que a aplica\u00e7\u00e3o da Lei da Ficha Limpa \u00e9, junto ao combate \u00e0s fakes news, a prioridade da corte eleitoral.<\/p>\n<p>Fux preside o Tribunal Superior Eleitoral at\u00e9 agosto, quando se encerra seu mandato de quatro anos na corte \u2014 ele ser\u00e1 substitu\u00eddo pela ministra\u00a0Rosa Weber.\u00a0Entre os objetivos anunciados quando tomou posse estava refor\u00e7ar a for\u00e7a-tarefa criada em 2017, que\u00a0estuda m\u00e9todos legais para conter a prolifera\u00e7\u00e3o de not\u00edcias falsas e a atua\u00e7\u00e3o de rob\u00f4s na internet, al\u00e9m de encontrar os respons\u00e1veis por sua dissemina\u00e7\u00e3o.\u00a0Funcion\u00e1rios do TSE j\u00e1 se reuniram com representantes do Google e Facebook para elaborar estrat\u00e9gias.<\/p>\n<p>Pesquisa exclusiva feita a pedido de VEJA pela consultoria Ideia Big Data, com 2\u2009004 pessoas ouvidas por telefone entre 9 e 10 de janeiro, mostra que\u00a083% dos entrevistados temem compartilhar not\u00edcias falsas\u00a0em suas redes sociais e grupos de WhatsApp.<\/p>\n<p>Depois de analisar 534 not\u00edcias comprovadamente falsas divulgadas por esses sites, VEJA constatou que os alvos prediletos das mentiras s\u00e3o, pela ordem, o ex-presidente Lula, o presidente\u00a0Michel Temer\u00a0e o juiz\u00a0Sergio Moro.<\/p>\n<p>O presidenci\u00e1vel\u00a0Jair Bolsonaro\u00a0aparece em s\u00e9timo lugar na lista dos mais citados em not\u00edcias falsas, mas fica em primeiro quando se computa o conte\u00fado positivo das mentiras. Cerca de 70% das not\u00edcias falsas a seu respeito servem para engrandecer sua biografia.<\/p>\n<h3>Amarelas ao Vivo<\/h3>\n<p>A segunda edi\u00e7\u00e3o do f\u00f3rum\u00a0Amarelas Ao Vivo\u00a0ocorre nesta ter\u00e7a-feira, 24, no Teatro Santander, em S\u00e3o Paulo. O evento \u00e9\u00a0uma vers\u00e3o de palco das tradicionais P\u00e1ginas Amarelas de VEJA.<\/p>\n<p>Antecessor de Luiz Fux na presid\u00eancia do TSE,\u00a0Gilmar Mendes\u00a0fala com Andr\u00e9 Petry, diretor de reda\u00e7\u00e3o de VEJA, sobre ser um dos alvos preferenciais das lorotas que brotam e se espalham na internet.\u00a0Levantamento exclusivo\u00a0publicado por VEJA em janeiro mostra que o ministro \u00e9 o quarto maior alvo de not\u00edcias falsas no meio pol\u00edtico-jur\u00eddico \u2014 ele s\u00f3 perde, nesta ordem, para o ex-presidente Lula (PT), o presidente Michel Temer (MDB) e o juiz federal Sergio Moro.<\/p>\n<p>A poss\u00edvel contamina\u00e7\u00e3o das vota\u00e7\u00f5es por not\u00edcias falsas tamb\u00e9m \u00e9 o tema abordado pela colunista Dora Kramer na conversa com\u00a0<strong>Pablo Ortellado<\/strong>, coordenador do Grupo de Pesquisa em Pol\u00edticas P\u00fablicas para o Acesso \u00e0 Informa\u00e7\u00e3o da Universidade de S\u00e3o Paulo. Com doutorado pela mesma universidade, ele se tornou refer\u00eancia em pesquisas sobre\u00a0<em>fake news<\/em>\u00a0na pol\u00edtica brasileira.<\/p>\n<h3>Programa\u00e7\u00e3o<\/h3>\n<p>Al\u00e9m das entrevistas de Luiz Fux, Gilmar Mendes e Pablo Ortellado, o evento\u00a0Amarelas ao Vivo\u00a0aborda diferentes aspectos das not\u00edcias falsas e do impacto de redes sociais.<\/p>\n<p>Jaime Dur\u00e1n Barba, consultor pol\u00edtico e professor da George Washington University, \u00e9 entrevistado por Tha\u00eds Oyama, redatora-chefe de VEJA, sobre a estrat\u00e9gia digital na vitoriosa campanha do presidente da Argentina, Mauricio Macri, em 2015.<\/p>\n<p>O colunista Ricardo Noblat conduz a entrevista em que o CEO e estrategista pol\u00edtico\u00a0Guillaume Liegey\u00a0fala sobre como o presidente da Fran\u00e7a, Emmanuel Macron, venceu as\u00a0<em>fake news<\/em>\u00a0em sua campanha, em 2017.<\/p>\n<p>Bia Granja, cofundadora do YOUPIX, conversa com o editor especial Daniel Bergamasco sobre como nascem e se espalham virais na internet brasileira.<\/p>\n<p>O redator-chefe F\u00e1bio Altman entrevista o jornalista\u00a0Ricardo Boechat\u00a0sobre a relev\u00e2ncia do jornalismo profissional em tempos de profus\u00e3o de boatos e not\u00edcias mentirosas.<\/p>\n<p>O\u00a0publicit\u00e1rio e fundador do Grupo ABC,Nizan Guanaes, fica frente a frente com Mauricio Lima, redator-chefe e titular da coluna Radar, em conversa sobre como proteger marcas e neg\u00f3cios diante do poder fulminante das redes sociais e das not\u00edcias falsas que veiculam.<\/p>\n<p>A editora Adriana Dias Lopes conversa com o infectologista\u00a0David Uip\u00a0sobre as perigosas e cada vez mais frequentes not\u00edcias falsas sobre sa\u00fade.<\/p>\n<p>Acioli Cancellier de Olivo\u00a0fala ao colunista Augusto Nunes sobre acusa\u00e7\u00f5es levianas e o suic\u00eddio de seu irm\u00e3o, o ex-reitor da UFSC Luiz Carlos Cancellier de Olivo, em 2017.<\/p>\n<p><strong>CARIRI EM A\u00c7\u00c3O<\/strong><\/p>\n<p><em>Com Veja.com\/Foto:\u00a0Veja.com<\/em><\/p>\n<p><strong>Leia mais not\u00edcias em\u00a0<\/strong><a href=\"http:\/\/www.caririemacao.com\/\"><strong>caririemacao.com<\/strong><\/a><strong>, siga nossa p\u00e1gina no\u00a0<\/strong><a href=\"https:\/\/www.facebook.com\/CaririEmAcao\/?ref=aymt_homepage_panel\"><strong>Facebook<\/strong><\/a>,<strong>\u00a0<\/strong><a href=\"https:\/\/www.instagram.com\/cariri_em_acao\/?hl=pt-br\"><strong>Instagram<\/strong><\/a><strong>\u00a0e\u00a0<\/strong><a href=\"https:\/\/www.youtube.com\/channel\/UCAptA0jQuYQy8vMhLt2m4qg\"><strong>Youtube<\/strong><\/a><strong>\u00a0e veja nossas mat\u00e9rias, v\u00eddeos e fotos. Voc\u00ea tamb\u00e9m pode enviar informa\u00e7\u00f5es \u00e0 Reda\u00e7\u00e3o do Portal Cariri em A\u00e7\u00e3o pelo WhatsApp (83) 9 9634.5791, (83) 9 9601-1162.<\/strong><\/p>\n","protected":false},"excerpt":{"rendered":"<p>Se ficar comprovado que not\u00edcias falsas beneficiaram um candidato a ponto de garantir sua vit\u00f3ria, as elei\u00e7\u00f5es do Brasil podem chegar ao extremo de ser&hellip; <\/p>\n","protected":false},"author":2,"featured_media":48874,"comment_status":"closed","ping_status":"closed","sticky":false,"template":"","format":"standard","meta":{"sfsi_plus_gutenberg_text_before_share":"","sfsi_plus_gutenberg_show_text_before_share":"","sfsi_plus_gutenberg_icon_type":"","sfsi_plus_gutenberg_icon_alignemt":"","sfsi_plus_gutenburg_max_per_row":"","footnotes":""},"categories":[2],"tags":[],"class_list":["post-48873","post","type-post","status-publish","format-standard","has-post-thumbnail","hentry","category-geral"],"_links":{"self":[{"href":"https:\/\/www.caririemacao.com\/1\/wp-json\/wp\/v2\/posts\/48873","targetHints":{"allow":["GET"]}}],"collection":[{"href":"https:\/\/www.caririemacao.com\/1\/wp-json\/wp\/v2\/posts"}],"about":[{"href":"https:\/\/www.caririemacao.com\/1\/wp-json\/wp\/v2\/types\/post"}],"author":[{"embeddable":true,"href":"https:\/\/www.caririemacao.com\/1\/wp-json\/wp\/v2\/users\/2"}],"replies":[{"embeddable":true,"href":"https:\/\/www.caririemacao.com\/1\/wp-json\/wp\/v2\/comments?post=48873"}],"version-history":[{"count":0,"href":"https:\/\/www.caririemacao.com\/1\/wp-json\/wp\/v2\/posts\/48873\/revisions"}],"wp:featuredmedia":[{"embeddable":true,"href":"https:\/\/www.caririemacao.com\/1\/wp-json\/wp\/v2\/media\/48874"}],"wp:attachment":[{"href":"https:\/\/www.caririemacao.com\/1\/wp-json\/wp\/v2\/media?parent=48873"}],"wp:term":[{"taxonomy":"category","embeddable":true,"href":"https:\/\/www.caririemacao.com\/1\/wp-json\/wp\/v2\/categories?post=48873"},{"taxonomy":"post_tag","embeddable":true,"href":"https:\/\/www.caririemacao.com\/1\/wp-json\/wp\/v2\/tags?post=48873"}],"curies":[{"name":"wp","href":"https:\/\/api.w.org\/{rel}","templated":true}]}}