{"id":48876,"date":"2018-04-24T20:14:35","date_gmt":"2018-04-24T23:14:35","guid":{"rendered":"http:\/\/caririemacao.com\/1\/?p=48876"},"modified":"2018-04-24T20:14:35","modified_gmt":"2018-04-24T23:14:35","slug":"manoel-jr-nega-rompimento-com-cartaxo-e-diz-que-psc-nao-esta-na-alianca-para-opinar","status":"publish","type":"post","link":"https:\/\/www.caririemacao.com\/1\/2018\/04\/24\/manoel-jr-nega-rompimento-com-cartaxo-e-diz-que-psc-nao-esta-na-alianca-para-opinar\/","title":{"rendered":"Manoel Jr. nega rompimento com Cartaxo e diz que PSC n\u00e3o est\u00e1 na alian\u00e7a para \u201copinar\u201d"},"content":{"rendered":"<p>O vice-prefeito de Jo\u00e3o Pessoa, Manoel Jr. (PSC), negou rompimento com o grupo dos irm\u00e3os Cartaxo e do senador C\u00e1ssio Cunha Lima por ter tido seu nome rifado em uma das vagas do Senado na chapa majorit\u00e1ria da oposi\u00e7\u00e3o. Segundo Manoel, o PSC almeja a vaga, mas n\u00e3o foi convidado \u00e0 alian\u00e7a para \u201copinar\u201d.<\/p>\n<p>\u201cN\u00e3o existe rompimento nenhum. N\u00e3o tenho motivo para romper com Luciano Cartaxo. Ele, obviamente, fez e faz as escolhas do ponto de vista partid\u00e1rio. O meu partido reivindica uma vaga de senador ou reivindicava porque n\u00e3o foi convidado para opinar\u201d, disse.<\/p>\n<p>Segundo Manoel Jr., os problemas maiores observados pelo PSC se encontram na chapa proporcional, pois as lideran\u00e7as pol\u00edticas da legenda precisam ser acomodadas.<\/p>\n<p>\u201cPrecisamos acomodar Leonardo Gadelha, os candidatos a deputado estadual e isso tudo tem que ser visto neste quadro pol\u00edtico que se constr\u00f3i\u201d, comentou.<\/p>\n<p>As falas do vice-prefeito foram dadas ao jornalista Suetoni Maior, da R\u00e1dio CBN Jo\u00e3o Pessoa.<\/p>\n<p><strong>CARIRI EM A\u00c7\u00c3O<\/strong><\/p>\n<p><em>Com Para\u00edba J\u00e1\/Foto:\u00a0Para\u00edba J\u00e1<\/em><\/p>\n<p><strong>Leia mais not\u00edcias em\u00a0<\/strong><a href=\"http:\/\/www.caririemacao.com\/\"><strong>caririemacao.com<\/strong><\/a><strong>, siga nossa p\u00e1gina no\u00a0<\/strong><a href=\"https:\/\/www.facebook.com\/CaririEmAcao\/?ref=aymt_homepage_panel\"><strong>Facebook<\/strong><\/a>,<strong>\u00a0<\/strong><a href=\"https:\/\/www.instagram.com\/cariri_em_acao\/?hl=pt-br\"><strong>Instagram<\/strong><\/a><strong>\u00a0e\u00a0<\/strong><a href=\"https:\/\/www.youtube.com\/channel\/UCAptA0jQuYQy8vMhLt2m4qg\"><strong>Youtube<\/strong><\/a><strong>\u00a0e veja nossas mat\u00e9rias, v\u00eddeos e fotos. Voc\u00ea tamb\u00e9m pode enviar informa\u00e7\u00f5es \u00e0 Reda\u00e7\u00e3o do Portal Cariri em A\u00e7\u00e3o pelo WhatsApp (83) 9 9634.5791, (83) 9 9601-1162.<\/strong><\/p>\n","protected":false},"excerpt":{"rendered":"<p>O vice-prefeito de Jo\u00e3o Pessoa, Manoel Jr. (PSC), negou rompimento com o grupo dos irm\u00e3os Cartaxo e do senador C\u00e1ssio Cunha Lima por ter tido&hellip; <\/p>\n","protected":false},"author":2,"featured_media":48877,"comment_status":"closed","ping_status":"closed","sticky":false,"template":"","format":"standard","meta":{"sfsi_plus_gutenberg_text_before_share":"","sfsi_plus_gutenberg_show_text_before_share":"","sfsi_plus_gutenberg_icon_type":"","sfsi_plus_gutenberg_icon_alignemt":"","sfsi_plus_gutenburg_max_per_row":"","footnotes":""},"categories":[1],"tags":[],"class_list":["post-48876","post","type-post","status-publish","format-standard","has-post-thumbnail","hentry","category-o-site"],"_links":{"self":[{"href":"https:\/\/www.caririemacao.com\/1\/wp-json\/wp\/v2\/posts\/48876","targetHints":{"allow":["GET"]}}],"collection":[{"href":"https:\/\/www.caririemacao.com\/1\/wp-json\/wp\/v2\/posts"}],"about":[{"href":"https:\/\/www.caririemacao.com\/1\/wp-json\/wp\/v2\/types\/post"}],"author":[{"embeddable":true,"href":"https:\/\/www.caririemacao.com\/1\/wp-json\/wp\/v2\/users\/2"}],"replies":[{"embeddable":true,"href":"https:\/\/www.caririemacao.com\/1\/wp-json\/wp\/v2\/comments?post=48876"}],"version-history":[{"count":0,"href":"https:\/\/www.caririemacao.com\/1\/wp-json\/wp\/v2\/posts\/48876\/revisions"}],"wp:featuredmedia":[{"embeddable":true,"href":"https:\/\/www.caririemacao.com\/1\/wp-json\/wp\/v2\/media\/48877"}],"wp:attachment":[{"href":"https:\/\/www.caririemacao.com\/1\/wp-json\/wp\/v2\/media?parent=48876"}],"wp:term":[{"taxonomy":"category","embeddable":true,"href":"https:\/\/www.caririemacao.com\/1\/wp-json\/wp\/v2\/categories?post=48876"},{"taxonomy":"post_tag","embeddable":true,"href":"https:\/\/www.caririemacao.com\/1\/wp-json\/wp\/v2\/tags?post=48876"}],"curies":[{"name":"wp","href":"https:\/\/api.w.org\/{rel}","templated":true}]}}