{"id":48885,"date":"2018-04-24T20:26:11","date_gmt":"2018-04-24T23:26:11","guid":{"rendered":"http:\/\/caririemacao.com\/1\/?p=48885"},"modified":"2018-04-24T20:26:11","modified_gmt":"2018-04-24T23:26:11","slug":"prefeitura-de-sume-esclarece-falsas-informacoes-de-vereador-sobre-liberacao-de-espaco-para-realizacao-de-evento","status":"publish","type":"post","link":"https:\/\/www.caririemacao.com\/1\/2018\/04\/24\/prefeitura-de-sume-esclarece-falsas-informacoes-de-vereador-sobre-liberacao-de-espaco-para-realizacao-de-evento\/","title":{"rendered":"Prefeitura de Sum\u00e9 esclarece falsas informa\u00e7\u00f5es de vereador sobre libera\u00e7\u00e3o de espa\u00e7o para realiza\u00e7\u00e3o de evento"},"content":{"rendered":"<p>A Prefeitura de Sum\u00e9 vem a p\u00fablico esclarecer as falsas informa\u00e7\u00f5es propagadas pelo vereador Juan Pereira sobre uma solicita\u00e7\u00e3o feita por ele, atrav\u00e9s de of\u00edcio, para a realiza\u00e7\u00e3o de um evento denominado \u201c1\u00ba Bode Forrozeiro\u201d, a ser realizado na Pra\u00e7a Jos\u00e9 Am\u00e9rico entre os dias 7 e 10 de junho.<\/p>\n<p>Em resposta, informamos ao vereador Juan Pereira que as datas solicitadas n\u00e3o poderiam ser atendidas, tendo em vista que entre o final de maio e in\u00edcio de junho a administra\u00e7\u00e3o j\u00e1 estar\u00e1 realizando os trabalhos de infraestrutura e montagem de equipamentos e ornamenta\u00e7\u00e3o na Pra\u00e7a Jos\u00e9 Am\u00e9rico e imedia\u00e7\u00f5es para a realiza\u00e7\u00e3o do S\u00e3o Jo\u00e3o 2018 do munic\u00edpio que ter\u00e1 in\u00edcio no dia 12 de junho.<\/p>\n<p>Diante da impossibilidade de realizar o evento na Pra\u00e7a Jos\u00e9 Am\u00e9rico, informamos no of\u00edcio ao vereador, que a Prefeitura de Sum\u00e9 disponibiliza ceder um outro espa\u00e7o para a realiza\u00e7\u00e3o do evento \u201c1\u00b0 Bode Forrozeiro\u201d, a exemplo da Rua Ant\u00f4nio Cazuza, que fica localizada em frente \u00e0 Escola Desembargador Feitosa Ventura.<\/p>\n<p>Caso o vereador Juan Pereira n\u00e3o aceite o local que a Prefeitura oferece para a realiza\u00e7\u00e3o do evento entre os dias 07 e 10 de junho, a gest\u00e3o informa que o espa\u00e7o da Pra\u00e7a Jos\u00e9 Am\u00e9rico somente poder\u00e1 ser disponibilizado no in\u00edcio do m\u00eas de julho, quando as atividades juninas do munic\u00edpio estar\u00e3o encerradas.<\/p>\n<p>Com o objetivo de contribuir com o evento, a Prefeitura tem se disponibilizado junto ao vereador Juan Pereira a entregar o espa\u00e7o dispon\u00edvel totalmente organizado e limpo para a realiza\u00e7\u00e3o do \u201c1\u00ba Bode Forrozeiro\u201d, o que mostra que em nenhum momento as diverg\u00eancias pol\u00edticas influenciaram na nossa decis\u00e3o, apenas a solicita\u00e7\u00e3o do mesmo aconteceu \u201c<em>em cima da hora<\/em>\u201d, quando a Prefeitura j\u00e1 tinha definido todo o plano de trabalho e log\u00edstica para a montagem e organiza\u00e7\u00e3o do S\u00e3o Jo\u00e3o do munic\u00edpio.<\/p>\n<p>Destacamos que a Prefeitura de Sum\u00e9 j\u00e1 est\u00e1 com a programa\u00e7\u00e3o dos festejos juninos fechada e que ser\u00e1 divulgada at\u00e9 a pr\u00f3xima semana.<\/p>\n<p>Por fim, lamentamos que o vereador Juan Pereira distor\u00e7a a realidade dos fatos para fazer uso de politicagem.<\/p>\n<p><strong>CARIRI EM A\u00c7\u00c3O<\/strong><\/p>\n<p><em>Com Ascom<\/em><\/p>\n<p><strong>Leia mais not\u00edcias em\u00a0<\/strong><a href=\"http:\/\/www.caririemacao.com\/\"><strong>caririemacao.com<\/strong><\/a><strong>, siga nossa p\u00e1gina no\u00a0<\/strong><a href=\"https:\/\/www.facebook.com\/CaririEmAcao\/?ref=aymt_homepage_panel\"><strong>Facebook<\/strong><\/a>,<strong>\u00a0<\/strong><a href=\"https:\/\/www.instagram.com\/cariri_em_acao\/?hl=pt-br\"><strong>Instagram<\/strong><\/a><strong>\u00a0e\u00a0<\/strong><a href=\"https:\/\/www.youtube.com\/channel\/UCAptA0jQuYQy8vMhLt2m4qg\"><strong>Youtube<\/strong><\/a><strong>\u00a0e veja nossas mat\u00e9rias, v\u00eddeos e fotos. Voc\u00ea tamb\u00e9m pode enviar informa\u00e7\u00f5es \u00e0 Reda\u00e7\u00e3o do Portal Cariri em A\u00e7\u00e3o pelo WhatsApp (83) 9 9634.5791, (83) 9 9601-1162.<\/strong><\/p>\n","protected":false},"excerpt":{"rendered":"<p>A Prefeitura de Sum\u00e9 vem a p\u00fablico esclarecer as falsas informa\u00e7\u00f5es propagadas pelo vereador Juan Pereira sobre uma solicita\u00e7\u00e3o feita por ele, atrav\u00e9s de of\u00edcio,&hellip; <\/p>\n","protected":false},"author":2,"featured_media":47456,"comment_status":"closed","ping_status":"closed","sticky":false,"template":"","format":"standard","meta":{"sfsi_plus_gutenberg_text_before_share":"","sfsi_plus_gutenberg_show_text_before_share":"","sfsi_plus_gutenberg_icon_type":"","sfsi_plus_gutenberg_icon_alignemt":"","sfsi_plus_gutenburg_max_per_row":"","footnotes":""},"categories":[6],"tags":[],"class_list":["post-48885","post","type-post","status-publish","format-standard","has-post-thumbnail","hentry","category-cidades"],"_links":{"self":[{"href":"https:\/\/www.caririemacao.com\/1\/wp-json\/wp\/v2\/posts\/48885","targetHints":{"allow":["GET"]}}],"collection":[{"href":"https:\/\/www.caririemacao.com\/1\/wp-json\/wp\/v2\/posts"}],"about":[{"href":"https:\/\/www.caririemacao.com\/1\/wp-json\/wp\/v2\/types\/post"}],"author":[{"embeddable":true,"href":"https:\/\/www.caririemacao.com\/1\/wp-json\/wp\/v2\/users\/2"}],"replies":[{"embeddable":true,"href":"https:\/\/www.caririemacao.com\/1\/wp-json\/wp\/v2\/comments?post=48885"}],"version-history":[{"count":0,"href":"https:\/\/www.caririemacao.com\/1\/wp-json\/wp\/v2\/posts\/48885\/revisions"}],"wp:featuredmedia":[{"embeddable":true,"href":"https:\/\/www.caririemacao.com\/1\/wp-json\/wp\/v2\/media\/47456"}],"wp:attachment":[{"href":"https:\/\/www.caririemacao.com\/1\/wp-json\/wp\/v2\/media?parent=48885"}],"wp:term":[{"taxonomy":"category","embeddable":true,"href":"https:\/\/www.caririemacao.com\/1\/wp-json\/wp\/v2\/categories?post=48885"},{"taxonomy":"post_tag","embeddable":true,"href":"https:\/\/www.caririemacao.com\/1\/wp-json\/wp\/v2\/tags?post=48885"}],"curies":[{"name":"wp","href":"https:\/\/api.w.org\/{rel}","templated":true}]}}