{"id":48887,"date":"2018-04-24T20:31:47","date_gmt":"2018-04-24T23:31:47","guid":{"rendered":"http:\/\/caririemacao.com\/1\/?p=48887"},"modified":"2018-04-24T20:31:47","modified_gmt":"2018-04-24T23:31:47","slug":"tribunal-de-contas-analisa-contas-de-tres-camaras-do-cariri-nesta-quarta","status":"publish","type":"post","link":"https:\/\/www.caririemacao.com\/1\/2018\/04\/24\/tribunal-de-contas-analisa-contas-de-tres-camaras-do-cariri-nesta-quarta\/","title":{"rendered":"Tribunal de Contas analisa contas de tr\u00eas C\u00e2maras do Cariri nesta quarta"},"content":{"rendered":"<p>Tribunal de Contas da Para\u00edba vai se reunir, nesta quarta-feira (25), para o exame de processos atinentes, entre outros, a contas oriundas de quatro Prefeituras e 23 C\u00e2maras de Vereadores, neste \u00faltimo caso, dez delas relativas ao exerc\u00edcio de 2017. A mesma pauta cont\u00e9m as presta\u00e7\u00f5es de contas das Secretarias de Estado da Sa\u00fade (2014) e da Receita (2016).<\/p>\n<p>O TCE examinar\u00e1, na ocasi\u00e3o, as contas de 2015 encaminhadas pelo prefeito de Lagoa de Dentro (Fabiano Pedro da Silva) e pelos ex-prefeitos de Queimadas (Jac\u00f3 Moreira Maciel), Pombal (Yasnaia Pollyanna Werton Dutra) e Bayeux (Expedito Pereira de Souza, exerc\u00edcio de 2014).<\/p>\n<p>V\u00e3o ter as contas de 2017 analisadas, na mesma sess\u00e3o plen\u00e1ria, as C\u00e2maras de Mana\u00edra, Santa Cec\u00edlia, Brejo dos Santos, Sert\u00e3ozinho,\u00a0<strong>S\u00e3o Sebasti\u00e3o do Umbuzeiro, Cabaceiras, Assun\u00e7\u00e3o<\/strong>, Barra de Santa Rosa, Catol\u00e9 do Rocha e Cachoeira dos \u00cdndios.<\/p>\n<p>A C\u00e2mara Municipal de Santana de Mangueira entra na pauta de julgamento com as contas de 2014 e, a de Nova Olinda, com as de 2015. As C\u00e2maras seguintes ter\u00e3o o exame do exerc\u00edcio de 2016. S\u00e3o elas as de S\u00e3o Jos\u00e9 de Caiana, Bananeiras, Ara\u00e7agi, S\u00e3o Jos\u00e9 do Sabugi, S\u00e3o Mamede, Passagem, Lastro, Triunfo, Santa Helena e Mato Grosso.<\/p>\n<p>Organismo presidido pelo conselheiro Andr\u00e9 Carlo Torres Pontes, o Tribunal de Contas do Estado re\u00fane-se \u00e0s quartas-feiras, a partir das 9 horas, com acesso permitido ao p\u00fablico e transmiss\u00f5es ao vivo pela TV TCE-PB (Canal no Youtube).<\/p>\n<p><strong>CARIRI EM A\u00c7\u00c3O<\/strong><\/p>\n<p><em>Com Vitrine do Cariri\/Foto: Reprodu\u00e7\u00e3o Internet<\/em><\/p>\n<p><strong>Leia mais not\u00edcias em\u00a0<\/strong><a href=\"http:\/\/www.caririemacao.com\/\"><strong>caririemacao.com<\/strong><\/a><strong>, siga nossa p\u00e1gina no\u00a0<\/strong><a href=\"https:\/\/www.facebook.com\/CaririEmAcao\/?ref=aymt_homepage_panel\"><strong>Facebook<\/strong><\/a>,<strong>\u00a0<\/strong><a href=\"https:\/\/www.instagram.com\/cariri_em_acao\/?hl=pt-br\"><strong>Instagram<\/strong><\/a><strong>\u00a0e\u00a0<\/strong><a href=\"https:\/\/www.youtube.com\/channel\/UCAptA0jQuYQy8vMhLt2m4qg\"><strong>Youtube<\/strong><\/a><strong>\u00a0e veja nossas mat\u00e9rias, v\u00eddeos e fotos. Voc\u00ea tamb\u00e9m pode enviar informa\u00e7\u00f5es \u00e0 Reda\u00e7\u00e3o do Portal Cariri em A\u00e7\u00e3o pelo WhatsApp (83) 9 9634.5791, (83) 9 9601-1162.<\/strong><\/p>\n","protected":false},"excerpt":{"rendered":"<p>Tribunal de Contas da Para\u00edba vai se reunir, nesta quarta-feira (25), para o exame de processos atinentes, entre outros, a contas oriundas de quatro Prefeituras&hellip; <\/p>\n","protected":false},"author":2,"featured_media":42556,"comment_status":"closed","ping_status":"closed","sticky":false,"template":"","format":"standard","meta":{"sfsi_plus_gutenberg_text_before_share":"","sfsi_plus_gutenberg_show_text_before_share":"","sfsi_plus_gutenberg_icon_type":"","sfsi_plus_gutenberg_icon_alignemt":"","sfsi_plus_gutenburg_max_per_row":"","footnotes":""},"categories":[2],"tags":[],"class_list":["post-48887","post","type-post","status-publish","format-standard","has-post-thumbnail","hentry","category-geral"],"_links":{"self":[{"href":"https:\/\/www.caririemacao.com\/1\/wp-json\/wp\/v2\/posts\/48887","targetHints":{"allow":["GET"]}}],"collection":[{"href":"https:\/\/www.caririemacao.com\/1\/wp-json\/wp\/v2\/posts"}],"about":[{"href":"https:\/\/www.caririemacao.com\/1\/wp-json\/wp\/v2\/types\/post"}],"author":[{"embeddable":true,"href":"https:\/\/www.caririemacao.com\/1\/wp-json\/wp\/v2\/users\/2"}],"replies":[{"embeddable":true,"href":"https:\/\/www.caririemacao.com\/1\/wp-json\/wp\/v2\/comments?post=48887"}],"version-history":[{"count":0,"href":"https:\/\/www.caririemacao.com\/1\/wp-json\/wp\/v2\/posts\/48887\/revisions"}],"wp:featuredmedia":[{"embeddable":true,"href":"https:\/\/www.caririemacao.com\/1\/wp-json\/wp\/v2\/media\/42556"}],"wp:attachment":[{"href":"https:\/\/www.caririemacao.com\/1\/wp-json\/wp\/v2\/media?parent=48887"}],"wp:term":[{"taxonomy":"category","embeddable":true,"href":"https:\/\/www.caririemacao.com\/1\/wp-json\/wp\/v2\/categories?post=48887"},{"taxonomy":"post_tag","embeddable":true,"href":"https:\/\/www.caririemacao.com\/1\/wp-json\/wp\/v2\/tags?post=48887"}],"curies":[{"name":"wp","href":"https:\/\/api.w.org\/{rel}","templated":true}]}}