{"id":48889,"date":"2018-04-24T20:35:12","date_gmt":"2018-04-24T23:35:12","guid":{"rendered":"http:\/\/caririemacao.com\/1\/?p=48889"},"modified":"2018-04-24T20:35:12","modified_gmt":"2018-04-24T23:35:12","slug":"em-taperoa-acude-lagoa-do-meio-aumenta-volume-e-o-13o-a-sangrar","status":"publish","type":"post","link":"https:\/\/www.caririemacao.com\/1\/2018\/04\/24\/em-taperoa-acude-lagoa-do-meio-aumenta-volume-e-o-13o-a-sangrar\/","title":{"rendered":"EM TAPERO\u00c1: A\u00e7ude \u2018Lagoa do Meio\u2019 aumenta volume \u00e9 o 13\u00ba a sangrar"},"content":{"rendered":"<article>\n<section class=\"publi\"><\/section>\n<\/article>\n<article>\n<div class=\"contentPost\">\n<figure>\n<div class=\"cycle-slideshow\" data-cycle-fx=\"scrollHorz\" data-cycle-timeout=\"0\" data-cycle-prev=\".navPrev82857\" data-cycle-next=\".navNext82857\" data-cycle-speed=\"1000\">O a\u00e7ude Lagoa do Meio, localizado na cidade de Tapero\u00e1, \u00e9 o 13\u00ba a sangrar na Para\u00edba. Os dados divulgados nesta ter\u00e7a-feira (24) pela Ag\u00eancia Executiva de Gest\u00e3o das \u00c1guas da Para\u00edba (Aesa), mostram que o volume atual da represa \u00e9 de 103,40%.<\/div>\n<\/figure>\n<p>A capacidade m\u00e1xima do a\u00e7ude \u00e9 de 6.647.875. O \u00faltimo c\u00e1lculo do volume das \u00e1guas havia sido na \u00faltima sexta-feira, quando armazenava 64,94% da capacidade. O aumento de 38,5% no fim de semana elevou n\u00edvel de \u00e1gua, e o reservat\u00f3rio agora sangra.<\/p>\n<p>O a\u00e7ude S\u00e3o Jos\u00e9 II, localizado no munic\u00edpio de Monteiro deve sangrar nos pr\u00f3ximos dias. Na regi\u00e3o do Conde, o a\u00e7ude Gramame\/Mamuaba j\u00e1 possui 95% da capacidade de armazenamento preenchida.<\/p>\n<p>Os outros a\u00e7udes que sangram no Estado s\u00e3o: \u2018Ara\u00e7agi\u2019 (Ara\u00e7agi), Bom Jesus (Carrapateira), Cachoeira da Vaca (Cachoeira dos \u00cdndios), Cachoeira dos Alves (Itaporanga), Cafund\u00f3 (Serra Grande), Olho D\u2019\u00e1gua (Mari), Pimenta (S\u00e3o Jos\u00e9 de Caiana), S\u00e3o Jos\u00e9 I (S\u00e3o Jos\u00e9 de Piranhas), S\u00e3o Salvador (Sap\u00e9) e Vazante (Diamante).<\/p>\n<p><strong>CARIRI EM A\u00c7\u00c3O<\/strong><\/p>\n<p><em>Com Cariri Ligado\/Foto:\u00a0Cariri Ligado<\/em><\/p>\n<p><strong>Leia mais not\u00edcias em\u00a0<\/strong><a href=\"http:\/\/www.caririemacao.com\/\"><strong>caririemacao.com<\/strong><\/a><strong>, siga nossa p\u00e1gina no\u00a0<\/strong><a href=\"https:\/\/www.facebook.com\/CaririEmAcao\/?ref=aymt_homepage_panel\"><strong>Facebook<\/strong><\/a>,<strong>\u00a0<\/strong><a href=\"https:\/\/www.instagram.com\/cariri_em_acao\/?hl=pt-br\"><strong>Instagram<\/strong><\/a><strong>\u00a0e\u00a0<\/strong><a href=\"https:\/\/www.youtube.com\/channel\/UCAptA0jQuYQy8vMhLt2m4qg\"><strong>Youtube<\/strong><\/a><strong>\u00a0e veja nossas mat\u00e9rias, v\u00eddeos e fotos. Voc\u00ea tamb\u00e9m pode enviar informa\u00e7\u00f5es \u00e0 Reda\u00e7\u00e3o do Portal Cariri em A\u00e7\u00e3o pelo WhatsApp (83) 9 9634.5791, (83) 9 9601-1162.<\/strong><\/p>\n<\/div>\n<\/article>\n","protected":false},"excerpt":{"rendered":"<p>O a\u00e7ude Lagoa do Meio, localizado na cidade de Tapero\u00e1, \u00e9 o 13\u00ba a sangrar na Para\u00edba. Os dados divulgados nesta ter\u00e7a-feira (24) pela Ag\u00eancia&hellip; <\/p>\n","protected":false},"author":2,"featured_media":48890,"comment_status":"closed","ping_status":"closed","sticky":false,"template":"","format":"standard","meta":{"sfsi_plus_gutenberg_text_before_share":"","sfsi_plus_gutenberg_show_text_before_share":"","sfsi_plus_gutenberg_icon_type":"","sfsi_plus_gutenberg_icon_alignemt":"","sfsi_plus_gutenburg_max_per_row":"","footnotes":""},"categories":[6],"tags":[],"class_list":["post-48889","post","type-post","status-publish","format-standard","has-post-thumbnail","hentry","category-cidades"],"_links":{"self":[{"href":"https:\/\/www.caririemacao.com\/1\/wp-json\/wp\/v2\/posts\/48889","targetHints":{"allow":["GET"]}}],"collection":[{"href":"https:\/\/www.caririemacao.com\/1\/wp-json\/wp\/v2\/posts"}],"about":[{"href":"https:\/\/www.caririemacao.com\/1\/wp-json\/wp\/v2\/types\/post"}],"author":[{"embeddable":true,"href":"https:\/\/www.caririemacao.com\/1\/wp-json\/wp\/v2\/users\/2"}],"replies":[{"embeddable":true,"href":"https:\/\/www.caririemacao.com\/1\/wp-json\/wp\/v2\/comments?post=48889"}],"version-history":[{"count":0,"href":"https:\/\/www.caririemacao.com\/1\/wp-json\/wp\/v2\/posts\/48889\/revisions"}],"wp:featuredmedia":[{"embeddable":true,"href":"https:\/\/www.caririemacao.com\/1\/wp-json\/wp\/v2\/media\/48890"}],"wp:attachment":[{"href":"https:\/\/www.caririemacao.com\/1\/wp-json\/wp\/v2\/media?parent=48889"}],"wp:term":[{"taxonomy":"category","embeddable":true,"href":"https:\/\/www.caririemacao.com\/1\/wp-json\/wp\/v2\/categories?post=48889"},{"taxonomy":"post_tag","embeddable":true,"href":"https:\/\/www.caririemacao.com\/1\/wp-json\/wp\/v2\/tags?post=48889"}],"curies":[{"name":"wp","href":"https:\/\/api.w.org\/{rel}","templated":true}]}}