{"id":48894,"date":"2018-04-25T09:40:53","date_gmt":"2018-04-25T12:40:53","guid":{"rendered":"http:\/\/caririemacao.com\/1\/?p=48894"},"modified":"2018-04-25T09:40:53","modified_gmt":"2018-04-25T12:40:53","slug":"programa-de-radio-da-gestao-municipal-de-prata-e-lider-de-audiencia-na-regiao","status":"publish","type":"post","link":"https:\/\/www.caririemacao.com\/1\/2018\/04\/25\/programa-de-radio-da-gestao-municipal-de-prata-e-lider-de-audiencia-na-regiao\/","title":{"rendered":"Programa de R\u00e1dio da Gest\u00e3o Municipal de Prata \u00e9 l\u00edder de audi\u00eancia na regi\u00e3o"},"content":{"rendered":"<div>O programa \u00e9 mais uma ideia da Administra\u00e7\u00e3o Municipal de Prata\u00a0 para deixar a popula\u00e7\u00e3o pratense por dentro dos acontecimentos da gest\u00e3o A\u00e7\u00e3o com Humaniza\u00e7\u00e3o.<\/div>\n<div><\/div>\n<div>Onde a popula\u00e7\u00e3o fica por dentro de tudo o que acontece no munic\u00edpio de Baixio atrav\u00e9s das ondas do r\u00e1dio.<\/div>\n<div><\/div>\n<div>Educa\u00e7\u00e3o, Assist\u00eancia Social, Sa\u00fade, Agricultura, Esporte, Cultura, Meio Ambiente, Obras e Urbanismo em todos os detalhes, com a transpar\u00eancia e efic\u00e1cia que o povo merece.<\/div>\n<div><\/div>\n<div>Com apresenta\u00e7\u00e3o de Paulo de Ninfa e, contando sempre com a presen\u00e7a do excelent\u00edssimo prefeito municipal Junior N\u00f3brega o programa conquista cada vez mais audi\u00eancia nas manh\u00e3s de s\u00e1bado\u00a0em Prata e regi\u00e3o. Iniciando as 11h da manh\u00e3 pela r\u00e1dio Prata FM 87,9hz a transmiss\u00e3o traz o dia a dia do prefeito e sua equipe de gest\u00e3o, com eventos e acontecimentos em todas as \u00e1reas administrativas. Os programas s\u00e3o transmitidos pela fanpage do site\u00a0portal cariri PB.<\/div>\n<div>\n<p><strong>CARIRI EM A\u00c7\u00c3O<\/strong><\/p>\n<p><em>Com Ascom\/Foto: Reprodu\u00e7\u00e3o Internet\u00a0\u00a0<\/em><\/p>\n<p><strong>Leia mais not\u00edcias em\u00a0<\/strong><a href=\"http:\/\/www.caririemacao.com\/\"><strong>caririemacao.com<\/strong><\/a><strong>, siga nossa p\u00e1gina no\u00a0<\/strong><a href=\"https:\/\/www.facebook.com\/CaririEmAcao\/?ref=aymt_homepage_panel\"><strong>Facebook<\/strong><\/a>,<strong>\u00a0<\/strong><a href=\"https:\/\/www.instagram.com\/cariri_em_acao\/?hl=pt-br\"><strong>Instagram<\/strong><\/a><strong>\u00a0e <\/strong><a href=\"https:\/\/www.youtube.com\/channel\/UCAptA0jQuYQy8vMhLt2m4qg\"><strong>Youtube<\/strong><\/a><strong>\u00a0e veja nossas mat\u00e9rias, v\u00eddeos e fotos. Voc\u00ea tamb\u00e9m pode enviar informa\u00e7\u00f5es \u00e0 Reda\u00e7\u00e3o do Portal Cariri em A\u00e7\u00e3o pelo WhatsApp (83) 9 9634.5791, (83) 9 9601-1162.<\/strong><\/p>\n<\/div>\n<div>\n<div id=\"m_1865216712829240785LPBorder_GT_15245752274070.8439446414619682\"><\/div>\n<\/div>\n","protected":false},"excerpt":{"rendered":"<p>O programa \u00e9 mais uma ideia da Administra\u00e7\u00e3o Municipal de Prata\u00a0 para deixar a popula\u00e7\u00e3o pratense por dentro dos acontecimentos da gest\u00e3o A\u00e7\u00e3o com Humaniza\u00e7\u00e3o.&hellip; <\/p>\n","protected":false},"author":2,"featured_media":48895,"comment_status":"closed","ping_status":"closed","sticky":false,"template":"","format":"standard","meta":{"sfsi_plus_gutenberg_text_before_share":"","sfsi_plus_gutenberg_show_text_before_share":"","sfsi_plus_gutenberg_icon_type":"","sfsi_plus_gutenberg_icon_alignemt":"","sfsi_plus_gutenburg_max_per_row":"","footnotes":""},"categories":[2],"tags":[],"class_list":["post-48894","post","type-post","status-publish","format-standard","has-post-thumbnail","hentry","category-geral"],"_links":{"self":[{"href":"https:\/\/www.caririemacao.com\/1\/wp-json\/wp\/v2\/posts\/48894","targetHints":{"allow":["GET"]}}],"collection":[{"href":"https:\/\/www.caririemacao.com\/1\/wp-json\/wp\/v2\/posts"}],"about":[{"href":"https:\/\/www.caririemacao.com\/1\/wp-json\/wp\/v2\/types\/post"}],"author":[{"embeddable":true,"href":"https:\/\/www.caririemacao.com\/1\/wp-json\/wp\/v2\/users\/2"}],"replies":[{"embeddable":true,"href":"https:\/\/www.caririemacao.com\/1\/wp-json\/wp\/v2\/comments?post=48894"}],"version-history":[{"count":0,"href":"https:\/\/www.caririemacao.com\/1\/wp-json\/wp\/v2\/posts\/48894\/revisions"}],"wp:featuredmedia":[{"embeddable":true,"href":"https:\/\/www.caririemacao.com\/1\/wp-json\/wp\/v2\/media\/48895"}],"wp:attachment":[{"href":"https:\/\/www.caririemacao.com\/1\/wp-json\/wp\/v2\/media?parent=48894"}],"wp:term":[{"taxonomy":"category","embeddable":true,"href":"https:\/\/www.caririemacao.com\/1\/wp-json\/wp\/v2\/categories?post=48894"},{"taxonomy":"post_tag","embeddable":true,"href":"https:\/\/www.caririemacao.com\/1\/wp-json\/wp\/v2\/tags?post=48894"}],"curies":[{"name":"wp","href":"https:\/\/api.w.org\/{rel}","templated":true}]}}