{"id":48897,"date":"2018-04-25T09:45:07","date_gmt":"2018-04-25T12:45:07","guid":{"rendered":"http:\/\/caririemacao.com\/1\/?p=48897"},"modified":"2018-04-25T09:51:04","modified_gmt":"2018-04-25T12:51:04","slug":"sume-formaliza-pedido-de-abertura-de-uma-agencia-do-sicoob-no-municipio","status":"publish","type":"post","link":"https:\/\/www.caririemacao.com\/1\/2018\/04\/25\/sume-formaliza-pedido-de-abertura-de-uma-agencia-do-sicoob-no-municipio\/","title":{"rendered":"Sum\u00e9 formaliza pedido de abertura de uma ag\u00eancia do Sicoob no munic\u00edpio"},"content":{"rendered":"<p>O prefeito \u00c9den Duarte, os representantes da CDL de Sum\u00e9, o secret\u00e1rio Isca Viana e os vereadores Jos\u00e9 Ant\u00f4nio Fernandes e Ant\u00f4nio Carlos Sarmento foram recebidos na manh\u00e3 desta ter\u00e7a-feira (24), na sede do Sicoob, em S\u00e3o Jos\u00e9 do Egito-PE, para se informar sobre o funcionamento do cooperativismo de cr\u00e9dito e formalizar pedido de abertura de uma Ag\u00eancia do Sicoob em Sum\u00e9.<\/p>\n<p>O prefeito de Sum\u00e9, \u00c9den Duarte, desde o in\u00edcio de seu mandato tem apoiado o empresariado local na busca para que o banco se instale no munic\u00edpio.<a href=\"http:\/\/caririemacao.com\/1\/?attachment_id=48899\" rel=\"attachment wp-att-48899\"><img fetchpriority=\"high\" decoding=\"async\" class=\"aligncenter size-full wp-image-48899\" src=\"http:\/\/caririemacao.com\/1\/wp-content\/uploads\/2018\/04\/31166838_2471857139506743_8603405571465006600_n.jpg\" alt=\"\" width=\"960\" height=\"637\" srcset=\"https:\/\/www.caririemacao.com\/1\/wp-content\/uploads\/2018\/04\/31166838_2471857139506743_8603405571465006600_n.jpg 960w, https:\/\/www.caririemacao.com\/1\/wp-content\/uploads\/2018\/04\/31166838_2471857139506743_8603405571465006600_n-300x199.jpg 300w, https:\/\/www.caririemacao.com\/1\/wp-content\/uploads\/2018\/04\/31166838_2471857139506743_8603405571465006600_n-768x510.jpg 768w\" sizes=\"(max-width: 960px) 100vw, 960px\" \/><\/a><\/p>\n<p>\u201cFirmamos conv\u00eanio desde o ano passado para possibilitar aos servidores da Prefeitura fazer empr\u00e9stimos pelo banco. Entendemos que a vinda do Sicoob vai fortalecer a economia local, gerar empregos e mais alternativas de cr\u00e9dito para empres\u00e1rios e cidad\u00e3os.<\/p>\n<p>O presidente do Conselho de Administra\u00e7\u00e3o do Sicoob-PE, Evaldo Campos, fez uma explana\u00e7\u00e3o de como funciona o banco e disse que far\u00e1 todo o esfor\u00e7o para abertura da ag\u00eancia no Munic\u00edpio de Sum\u00e9.<\/p>\n<p>Da equipe do Sicoob-PE estavam presentes Agnalda Feitosa (diretora-presidente), Edmilson Ramos (assessor da diretoria), Aline Rob\u00e9ria (gerente de neg\u00f3cios) e Thiago Pegado (superintendente Sicoob-PE).<\/p>\n<p><em>\u00a0<\/em><strong>CARIRI EM A\u00c7\u00c3O<\/strong><\/p>\n<p><em>Com Blog do Marcelo Patriota \/Foto: Reprodu\u00e7\u00e3o<\/em><\/p>\n<p><strong>Leia mais not\u00edcias em\u00a0<\/strong><a href=\"http:\/\/www.caririemacao.com\/\"><strong>caririemacao.com<\/strong><\/a><strong>, siga nossa p\u00e1gina no\u00a0<\/strong><a href=\"https:\/\/www.facebook.com\/CaririEmAcao\/?ref=aymt_homepage_panel\"><strong>Facebook<\/strong><\/a>,<strong>\u00a0<\/strong><a href=\"https:\/\/www.instagram.com\/cariri_em_acao\/?hl=pt-br\"><strong>Instagram<\/strong><\/a><strong>\u00a0e <\/strong><a href=\"https:\/\/www.youtube.com\/channel\/UCAptA0jQuYQy8vMhLt2m4qg\"><strong>Youtube<\/strong><\/a><strong>\u00a0e veja nossas mat\u00e9rias, v\u00eddeos e fotos. Voc\u00ea tamb\u00e9m pode enviar informa\u00e7\u00f5es \u00e0 Reda\u00e7\u00e3o do Portal Cariri em A\u00e7\u00e3o pelo WhatsApp (83) 9 9634.5791, (83) 9 9601-1162.<\/strong><\/p>\n","protected":false},"excerpt":{"rendered":"<p>O prefeito \u00c9den Duarte, os representantes da CDL de Sum\u00e9, o secret\u00e1rio Isca Viana e os vereadores Jos\u00e9 Ant\u00f4nio Fernandes e Ant\u00f4nio Carlos Sarmento foram&hellip; <\/p>\n","protected":false},"author":2,"featured_media":48898,"comment_status":"closed","ping_status":"closed","sticky":false,"template":"","format":"standard","meta":{"sfsi_plus_gutenberg_text_before_share":"","sfsi_plus_gutenberg_show_text_before_share":"","sfsi_plus_gutenberg_icon_type":"","sfsi_plus_gutenberg_icon_alignemt":"","sfsi_plus_gutenburg_max_per_row":"","footnotes":""},"categories":[6],"tags":[],"class_list":["post-48897","post","type-post","status-publish","format-standard","has-post-thumbnail","hentry","category-cidades"],"_links":{"self":[{"href":"https:\/\/www.caririemacao.com\/1\/wp-json\/wp\/v2\/posts\/48897","targetHints":{"allow":["GET"]}}],"collection":[{"href":"https:\/\/www.caririemacao.com\/1\/wp-json\/wp\/v2\/posts"}],"about":[{"href":"https:\/\/www.caririemacao.com\/1\/wp-json\/wp\/v2\/types\/post"}],"author":[{"embeddable":true,"href":"https:\/\/www.caririemacao.com\/1\/wp-json\/wp\/v2\/users\/2"}],"replies":[{"embeddable":true,"href":"https:\/\/www.caririemacao.com\/1\/wp-json\/wp\/v2\/comments?post=48897"}],"version-history":[{"count":0,"href":"https:\/\/www.caririemacao.com\/1\/wp-json\/wp\/v2\/posts\/48897\/revisions"}],"wp:featuredmedia":[{"embeddable":true,"href":"https:\/\/www.caririemacao.com\/1\/wp-json\/wp\/v2\/media\/48898"}],"wp:attachment":[{"href":"https:\/\/www.caririemacao.com\/1\/wp-json\/wp\/v2\/media?parent=48897"}],"wp:term":[{"taxonomy":"category","embeddable":true,"href":"https:\/\/www.caririemacao.com\/1\/wp-json\/wp\/v2\/categories?post=48897"},{"taxonomy":"post_tag","embeddable":true,"href":"https:\/\/www.caririemacao.com\/1\/wp-json\/wp\/v2\/tags?post=48897"}],"curies":[{"name":"wp","href":"https:\/\/api.w.org\/{rel}","templated":true}]}}