{"id":48911,"date":"2018-04-25T10:02:03","date_gmt":"2018-04-25T13:02:03","guid":{"rendered":"http:\/\/caririemacao.com\/1\/?p=48911"},"modified":"2018-04-25T10:02:03","modified_gmt":"2018-04-25T13:02:03","slug":"camara-de-serra-branca-julga-contas-de-2013-do-ex-prefeito-eduardo-torreao-nesta-quarta","status":"publish","type":"post","link":"https:\/\/www.caririemacao.com\/1\/2018\/04\/25\/camara-de-serra-branca-julga-contas-de-2013-do-ex-prefeito-eduardo-torreao-nesta-quarta\/","title":{"rendered":"C\u00e2mara de Serra Branca julga contas de 2013 do ex-prefeito Eduardo Torre\u00e3o nesta quarta"},"content":{"rendered":"<p>A C\u00e2mara Municipal de Serra Branca vai apreciar mais uma vez as contas de 2013, do ex-prefeito Eduardo Torre\u00e3o, mais conhecido como Dudu. A sess\u00e3o extraordin\u00e1ria est\u00e1 marcada para acontecer nesta quarta-feira (25), \u00e0s 18h.<\/p>\n<p>Pela atual composi\u00e7\u00e3o do legislativo espera-se que o resultado seja igual ao ocorrido na \u00faltima vez quando Ledson da Silva analisou as contas de Dudu \u2013 que ficou ineleg\u00edvel por oito anos \u2013 sendo que sete vereadores votaram pela reprova\u00e7\u00e3o, respectivamente: Di\u00f3genes Sales, H\u00e9rcule Holanda, Bacica, Egberto Ferreira, Renan Mamede, Macilon Rafael e Guilherme Gaud\u00eancio, j\u00e1 a favor de Dudu votaram Pinto e Paulo S\u00e9rgio de Raquel.<\/p>\n<p>Se as contas forem reprovadas, Dudu ficar\u00e1 mais 8 anos ineleg\u00edvel, e ser\u00e1 impedido de participar de pleito eleitoral durante 16 anos.<\/p>\n<p><strong>CARIRI EM A\u00c7\u00c3O<\/strong><\/p>\n<p><em>Com Vitrine do Cariri\/Foto: Cariri em A\u00e7\u00e3o<\/em><\/p>\n<p><strong>Leia mais not\u00edcias em\u00a0<\/strong><a href=\"http:\/\/www.caririemacao.com\/\"><strong>caririemacao.com<\/strong><\/a><strong>, siga nossa p\u00e1gina no\u00a0<\/strong><a href=\"https:\/\/www.facebook.com\/CaririEmAcao\/?ref=aymt_homepage_panel\"><strong>Facebook<\/strong><\/a>,<strong>\u00a0<\/strong><a href=\"https:\/\/www.instagram.com\/cariri_em_acao\/?hl=pt-br\"><strong>Instagram<\/strong><\/a><strong>\u00a0e <\/strong><a href=\"https:\/\/www.youtube.com\/channel\/UCAptA0jQuYQy8vMhLt2m4qg\"><strong>Youtube<\/strong><\/a><strong>\u00a0e veja nossas mat\u00e9rias, v\u00eddeos e fotos. Voc\u00ea tamb\u00e9m pode enviar informa\u00e7\u00f5es \u00e0 Reda\u00e7\u00e3o do Portal Cariri em A\u00e7\u00e3o pelo WhatsApp (83) 9 9634.5791, (83) 9 9601-1162.<\/strong><\/p>\n","protected":false},"excerpt":{"rendered":"<p>A C\u00e2mara Municipal de Serra Branca vai apreciar mais uma vez as contas de 2013, do ex-prefeito Eduardo Torre\u00e3o, mais conhecido como Dudu. A sess\u00e3o&hellip; <\/p>\n","protected":false},"author":2,"featured_media":9919,"comment_status":"closed","ping_status":"closed","sticky":false,"template":"","format":"standard","meta":{"sfsi_plus_gutenberg_text_before_share":"","sfsi_plus_gutenberg_show_text_before_share":"","sfsi_plus_gutenberg_icon_type":"","sfsi_plus_gutenberg_icon_alignemt":"","sfsi_plus_gutenburg_max_per_row":"","footnotes":""},"categories":[11],"tags":[],"class_list":["post-48911","post","type-post","status-publish","format-standard","has-post-thumbnail","hentry","category-politica"],"_links":{"self":[{"href":"https:\/\/www.caririemacao.com\/1\/wp-json\/wp\/v2\/posts\/48911","targetHints":{"allow":["GET"]}}],"collection":[{"href":"https:\/\/www.caririemacao.com\/1\/wp-json\/wp\/v2\/posts"}],"about":[{"href":"https:\/\/www.caririemacao.com\/1\/wp-json\/wp\/v2\/types\/post"}],"author":[{"embeddable":true,"href":"https:\/\/www.caririemacao.com\/1\/wp-json\/wp\/v2\/users\/2"}],"replies":[{"embeddable":true,"href":"https:\/\/www.caririemacao.com\/1\/wp-json\/wp\/v2\/comments?post=48911"}],"version-history":[{"count":0,"href":"https:\/\/www.caririemacao.com\/1\/wp-json\/wp\/v2\/posts\/48911\/revisions"}],"wp:featuredmedia":[{"embeddable":true,"href":"https:\/\/www.caririemacao.com\/1\/wp-json\/wp\/v2\/media\/9919"}],"wp:attachment":[{"href":"https:\/\/www.caririemacao.com\/1\/wp-json\/wp\/v2\/media?parent=48911"}],"wp:term":[{"taxonomy":"category","embeddable":true,"href":"https:\/\/www.caririemacao.com\/1\/wp-json\/wp\/v2\/categories?post=48911"},{"taxonomy":"post_tag","embeddable":true,"href":"https:\/\/www.caririemacao.com\/1\/wp-json\/wp\/v2\/tags?post=48911"}],"curies":[{"name":"wp","href":"https:\/\/api.w.org\/{rel}","templated":true}]}}