{"id":48921,"date":"2018-04-25T10:33:32","date_gmt":"2018-04-25T13:33:32","guid":{"rendered":"http:\/\/caririemacao.com\/1\/?p=48921"},"modified":"2018-04-25T10:33:32","modified_gmt":"2018-04-25T13:33:32","slug":"meteorologia-esta-em-alerta-por-mais-48-horas-por-causa-de-chuvas-na-pb","status":"publish","type":"post","link":"https:\/\/www.caririemacao.com\/1\/2018\/04\/25\/meteorologia-esta-em-alerta-por-mais-48-horas-por-causa-de-chuvas-na-pb\/","title":{"rendered":"Meteorologia est\u00e1 em alerta por mais 48 horas por causa de chuvas na PB"},"content":{"rendered":"<p><span data-original-name=\"AESA- Ag\u00eancia Executiva de Gest\u00e3o das \u00c1guas do Estado da Para\u00edba\">A Ag\u00eancia Executiva de Gest\u00e3o das \u00c1guas do Estado da Para\u00edba (Aesa) permanece em estado de aten\u00e7\u00e3o por no m\u00ednimo 48 horas por causa das pancadas fortes de chuvas previstas para algumas \u00e1reas do Estado.\u00a0As chuvas poder\u00e3o se estender, de forma mais localizada sobre as regi\u00f5es do Agreste e Brejo.<\/span><\/p>\n<div class=\"idkjlaqn9eec-oPwtUFSp9U8\" data-rtid=\"idkjlaqn9eec\">\n<div class=\"fAwjXaCTMo5__overlay lxG8Hd idkjlaqn9eec-NEtT1Mcs_w8\">De acordo com a meteorologista Marle Bandeira, da Aesa, de acordo com o sistema, \u201cobserva-se o deslocamento de aglomerados de nuvens de chuva oriundos do oceano Atl\u00e2ntico em dire\u00e7\u00e3o \u00e0 costa leste do estado da Para\u00edba. A presen\u00e7a desse sistema dever\u00e1 induzir, nas pr\u00f3ximas horas, chuvas de intensidade moderada a forte sobre o Litoral paraibano\u201d.<\/div>\n<div class=\"fAwjXaCTMo5__overlay lxG8Hd idkjlaqn9eec-NEtT1Mcs_w8\">\n<p>Contudo, a meteorologista pondera que o impacto do sistema meteorol\u00f3gico previsto sobre uma determinada \u00e1rea depender\u00e1, principalmente, do grau de vulnerabilidade da mesma.<\/p>\n<p><strong>CARIRI EM A\u00c7\u00c3O<\/strong><\/p>\n<p><em>Com Para\u00edba\u00a0Debate\/Foto: Reprodu\u00e7\u00e3o Internet<\/em><\/p>\n<p><strong>Leia mais not\u00edcias em\u00a0<\/strong><a href=\"http:\/\/www.caririemacao.com\/\"><strong>caririemacao.com<\/strong><\/a><strong>, siga nossa p\u00e1gina no\u00a0<\/strong><a href=\"https:\/\/www.facebook.com\/CaririEmAcao\/?ref=aymt_homepage_panel\"><strong>Facebook<\/strong><\/a>,<strong>\u00a0<\/strong><a href=\"https:\/\/www.instagram.com\/cariri_em_acao\/?hl=pt-br\"><strong>Instagram<\/strong><\/a><strong>\u00a0e <\/strong><a href=\"https:\/\/www.youtube.com\/channel\/UCAptA0jQuYQy8vMhLt2m4qg\"><strong>Youtube<\/strong><\/a><strong>\u00a0e veja nossas mat\u00e9rias, v\u00eddeos e fotos. Voc\u00ea tamb\u00e9m pode enviar informa\u00e7\u00f5es \u00e0 Reda\u00e7\u00e3o do Portal Cariri em A\u00e7\u00e3o pelo WhatsApp (83) 9 9634.5791, (83) 9 9601-1162.<\/strong><\/p>\n<\/div>\n<\/div>\n","protected":false},"excerpt":{"rendered":"<p>A Ag\u00eancia Executiva de Gest\u00e3o das \u00c1guas do Estado da Para\u00edba (Aesa) permanece em estado de aten\u00e7\u00e3o por no m\u00ednimo 48 horas por causa das&hellip; <\/p>\n","protected":false},"author":2,"featured_media":44160,"comment_status":"closed","ping_status":"closed","sticky":false,"template":"","format":"standard","meta":{"sfsi_plus_gutenberg_text_before_share":"","sfsi_plus_gutenberg_show_text_before_share":"","sfsi_plus_gutenberg_icon_type":"","sfsi_plus_gutenberg_icon_alignemt":"","sfsi_plus_gutenburg_max_per_row":"","footnotes":""},"categories":[2],"tags":[],"class_list":["post-48921","post","type-post","status-publish","format-standard","has-post-thumbnail","hentry","category-geral"],"_links":{"self":[{"href":"https:\/\/www.caririemacao.com\/1\/wp-json\/wp\/v2\/posts\/48921","targetHints":{"allow":["GET"]}}],"collection":[{"href":"https:\/\/www.caririemacao.com\/1\/wp-json\/wp\/v2\/posts"}],"about":[{"href":"https:\/\/www.caririemacao.com\/1\/wp-json\/wp\/v2\/types\/post"}],"author":[{"embeddable":true,"href":"https:\/\/www.caririemacao.com\/1\/wp-json\/wp\/v2\/users\/2"}],"replies":[{"embeddable":true,"href":"https:\/\/www.caririemacao.com\/1\/wp-json\/wp\/v2\/comments?post=48921"}],"version-history":[{"count":0,"href":"https:\/\/www.caririemacao.com\/1\/wp-json\/wp\/v2\/posts\/48921\/revisions"}],"wp:featuredmedia":[{"embeddable":true,"href":"https:\/\/www.caririemacao.com\/1\/wp-json\/wp\/v2\/media\/44160"}],"wp:attachment":[{"href":"https:\/\/www.caririemacao.com\/1\/wp-json\/wp\/v2\/media?parent=48921"}],"wp:term":[{"taxonomy":"category","embeddable":true,"href":"https:\/\/www.caririemacao.com\/1\/wp-json\/wp\/v2\/categories?post=48921"},{"taxonomy":"post_tag","embeddable":true,"href":"https:\/\/www.caririemacao.com\/1\/wp-json\/wp\/v2\/tags?post=48921"}],"curies":[{"name":"wp","href":"https:\/\/api.w.org\/{rel}","templated":true}]}}