{"id":48923,"date":"2018-04-25T10:37:00","date_gmt":"2018-04-25T13:37:00","guid":{"rendered":"http:\/\/caririemacao.com\/1\/?p=48923"},"modified":"2018-04-25T10:37:00","modified_gmt":"2018-04-25T13:37:00","slug":"policia-federal-cumpre-mandados-em-operacao-de-combate-a-crimes-contra-previdencia-na-pb","status":"publish","type":"post","link":"https:\/\/www.caririemacao.com\/1\/2018\/04\/25\/policia-federal-cumpre-mandados-em-operacao-de-combate-a-crimes-contra-previdencia-na-pb\/","title":{"rendered":"Pol\u00edcia Federal cumpre mandados em opera\u00e7\u00e3o de combate a crimes contra previd\u00eancia na PB"},"content":{"rendered":"<div class=\"mc-column content-media content-media--normal  content-photo\" data-block-type=\"backstage-photo\" data-block-id=\"0\">\n<div class=\"content-media__container\">\n<div class=\"content-media__description-centered \">\n<p class=\"content-media__description\">Tr\u00eas mandados de busca e apreens\u00e3o em im\u00f3veis de Jo\u00e3o Pessoa foram cumpridos na manh\u00e3 desta quarta-feira (25) durante uma opera\u00e7\u00e3o da Pol\u00edcia Federal de combate a crimes contra a previd\u00eancia. Todos os envolvidos tem algum grau de parentesco, segundo o delegado da Pol\u00edcia Federal Derly Brasileiro.<\/p>\n<\/div>\n<\/div>\n<\/div>\n<div class=\"mc-column content-text active-extra-styles \" data-block-type=\"unstyled\" data-block-weight=\"37\" data-block-id=\"3\">\n<p class=\"content-text__container \" data-track-category=\"Link no Texto\" data-track-links=\"\">A &#8220;Opera\u00e7\u00e3o Haraquiri&#8221; investiga fraudes em rela\u00e7\u00e3o ao requerimento, concess\u00e3o e manuten\u00e7\u00e3o de benef\u00edcios previdenci\u00e1rios da capital. De acordo com a Pol\u00edcia Federal, o preju\u00edzo aos cofres da Previd\u00eancia Social gira em torno de R$ 800 mil.<\/p>\n<\/div>\n<div class=\"mc-column content-text active-extra-styles \" data-block-type=\"unstyled\" data-block-weight=\"30\" data-block-id=\"4\">\n<p class=\"content-text__container \" data-track-category=\"Link no Texto\" data-track-links=\"\">As investiga\u00e7\u00f5es acontecem desde mar\u00e7o de 2017. Os mandados, cumpridos inicialmente no bairro do Geisel, na Zona Sul de Jo\u00e3o Pessoa, foram expedidos pela 16\u00aa Vara Federal de Jo\u00e3o Pessoa.<\/p>\n<\/div>\n<div data-track-category=\"fim do conteudo\" data-track-action=\"ultimo chunk conteudo\" data-track-noninteraction=\"false\" data-track-scroll=\"entrada completa viewport\">\n<div class=\"mc-column content-text active-extra-styles \" data-block-type=\"unstyled\" data-block-weight=\"20\" data-block-id=\"5\">\n<p class=\"content-text__container \" data-track-category=\"Link no Texto\" data-track-links=\"\">O nome da opera\u00e7\u00e3o faz alus\u00e3o ao falecimento de um dos investigados no dia que prestaria esclarecimentos \u00e0 Pol\u00edcia Federal.<\/p>\n<p><strong>CARIRI EM A\u00c7\u00c3O<\/strong><\/p>\n<p><em>Com G1 \/Foto: Reprodu\u00e7\u00e3o Internet<\/em><\/p>\n<p><strong>Leia mais not\u00edcias em\u00a0<\/strong><a href=\"http:\/\/www.caririemacao.com\/\"><strong>caririemacao.com<\/strong><\/a><strong>, siga nossa p\u00e1gina no\u00a0<\/strong><a href=\"https:\/\/www.facebook.com\/CaririEmAcao\/?ref=aymt_homepage_panel\"><strong>Facebook<\/strong><\/a>,<strong>\u00a0<\/strong><a href=\"https:\/\/www.instagram.com\/cariri_em_acao\/?hl=pt-br\"><strong>Instagram<\/strong><\/a><strong>\u00a0e <\/strong><a href=\"https:\/\/www.youtube.com\/channel\/UCAptA0jQuYQy8vMhLt2m4qg\"><strong>Youtube<\/strong><\/a><strong>\u00a0e veja nossas mat\u00e9rias, v\u00eddeos e fotos. Voc\u00ea tamb\u00e9m pode enviar informa\u00e7\u00f5es \u00e0 Reda\u00e7\u00e3o do Portal Cariri em A\u00e7\u00e3o pelo WhatsApp (83) 9 9634.5791, (83) 9 9601-1162.<\/strong><\/p>\n<\/div>\n<\/div>\n","protected":false},"excerpt":{"rendered":"<p>Tr\u00eas mandados de busca e apreens\u00e3o em im\u00f3veis de Jo\u00e3o Pessoa foram cumpridos na manh\u00e3 desta quarta-feira (25) durante uma opera\u00e7\u00e3o da Pol\u00edcia Federal de&hellip; <\/p>\n","protected":false},"author":2,"featured_media":24802,"comment_status":"closed","ping_status":"closed","sticky":false,"template":"","format":"standard","meta":{"sfsi_plus_gutenberg_text_before_share":"","sfsi_plus_gutenberg_show_text_before_share":"","sfsi_plus_gutenberg_icon_type":"","sfsi_plus_gutenberg_icon_alignemt":"","sfsi_plus_gutenburg_max_per_row":"","footnotes":""},"categories":[12],"tags":[],"class_list":["post-48923","post","type-post","status-publish","format-standard","has-post-thumbnail","hentry","category-policia"],"_links":{"self":[{"href":"https:\/\/www.caririemacao.com\/1\/wp-json\/wp\/v2\/posts\/48923","targetHints":{"allow":["GET"]}}],"collection":[{"href":"https:\/\/www.caririemacao.com\/1\/wp-json\/wp\/v2\/posts"}],"about":[{"href":"https:\/\/www.caririemacao.com\/1\/wp-json\/wp\/v2\/types\/post"}],"author":[{"embeddable":true,"href":"https:\/\/www.caririemacao.com\/1\/wp-json\/wp\/v2\/users\/2"}],"replies":[{"embeddable":true,"href":"https:\/\/www.caririemacao.com\/1\/wp-json\/wp\/v2\/comments?post=48923"}],"version-history":[{"count":0,"href":"https:\/\/www.caririemacao.com\/1\/wp-json\/wp\/v2\/posts\/48923\/revisions"}],"wp:featuredmedia":[{"embeddable":true,"href":"https:\/\/www.caririemacao.com\/1\/wp-json\/wp\/v2\/media\/24802"}],"wp:attachment":[{"href":"https:\/\/www.caririemacao.com\/1\/wp-json\/wp\/v2\/media?parent=48923"}],"wp:term":[{"taxonomy":"category","embeddable":true,"href":"https:\/\/www.caririemacao.com\/1\/wp-json\/wp\/v2\/categories?post=48923"},{"taxonomy":"post_tag","embeddable":true,"href":"https:\/\/www.caririemacao.com\/1\/wp-json\/wp\/v2\/tags?post=48923"}],"curies":[{"name":"wp","href":"https:\/\/api.w.org\/{rel}","templated":true}]}}