{"id":48928,"date":"2018-04-25T10:41:58","date_gmt":"2018-04-25T13:41:58","guid":{"rendered":"http:\/\/caririemacao.com\/1\/?p=48928"},"modified":"2018-04-25T10:41:58","modified_gmt":"2018-04-25T13:41:58","slug":"luiz-couto-defende-aumento-de-beneficios-para-idosos","status":"publish","type":"post","link":"https:\/\/www.caririemacao.com\/1\/2018\/04\/25\/luiz-couto-defende-aumento-de-beneficios-para-idosos\/","title":{"rendered":"Luiz Couto defende aumento de benef\u00edcios para idosos"},"content":{"rendered":"<p>O deputado federal Luiz Couto (PT) que \u00e9 membro suplente da Comiss\u00e3o de Defesa do Direito da Pessoa Idosa da C\u00e2mara dos Deputados participou nesta quarta-feira, 18, da reuni\u00e3o deliberativa que votou seis requerimentos voltados \u00e0 defesa do idoso.<\/p>\n<p>O parlamentar paraibano solicitou a palavra e elogiou o requerimento da deputada Flavia Morais, para a realiza\u00e7\u00e3o de audi\u00eancia p\u00fablica no \u00e2mbito da Comiss\u00e3o, para debater o Projeto de Lei n\u00ba 723, de 2011, que permite a eleva\u00e7\u00e3o do valor do benef\u00edcio de presta\u00e7\u00e3o continuada para o idoso e a pessoa com defici\u00eancia que necessite de aux\u00edlio permanente de terceiros.<\/p>\n<p>Al\u00e9m do elogio, o deputado frisou que ao se verificar a proposta da Previd\u00eancia, o beneficio da presta\u00e7\u00e3o continuada tinha previs\u00e3o de defini\u00e7\u00e3o posterior, verificando a idade e o valor: \u201cPor tantos motivos, ser\u00e1 importante a realiza\u00e7\u00e3o desta audi\u00eancia e, por isso, voto totalmente a favor\u201d, disse o deputado.<\/p>\n<p>Luiz acrescentou que a Comiss\u00e3o do Idosos presta um papel muito importante para a popula\u00e7\u00e3o idosa e brincou: \u201cN\u00e3o gosto de usar a palavra idoso. Pois, existe varias fases na vida e quando chegamos a esta em que estou, afirmo que em vez de idoso somos a juventude acumulada\u201d.<\/p>\n<p><strong>CARIRI EM A\u00c7\u00c3O<\/strong><\/p>\n<p><em>Com Ascom \/Foto: Reprodu\u00e7\u00e3o Internet<\/em><\/p>\n<p><strong>Leia mais not\u00edcias em\u00a0<\/strong><a href=\"http:\/\/www.caririemacao.com\/\"><strong>caririemacao.com<\/strong><\/a><strong>, siga nossa p\u00e1gina no\u00a0<\/strong><a href=\"https:\/\/www.facebook.com\/CaririEmAcao\/?ref=aymt_homepage_panel\"><strong>Facebook<\/strong><\/a>,<strong>\u00a0<\/strong><a href=\"https:\/\/www.instagram.com\/cariri_em_acao\/?hl=pt-br\"><strong>Instagram<\/strong><\/a><strong>\u00a0e <\/strong><a href=\"https:\/\/www.youtube.com\/channel\/UCAptA0jQuYQy8vMhLt2m4qg\"><strong>Youtube<\/strong><\/a><strong>\u00a0e veja nossas mat\u00e9rias, v\u00eddeos e fotos. Voc\u00ea tamb\u00e9m pode enviar informa\u00e7\u00f5es \u00e0 Reda\u00e7\u00e3o do Portal Cariri em A\u00e7\u00e3o pelo WhatsApp (83) 9 9634.5791, (83) 9 9601-1162.<\/strong><\/p>\n","protected":false},"excerpt":{"rendered":"<p>O deputado federal Luiz Couto (PT) que \u00e9 membro suplente da Comiss\u00e3o de Defesa do Direito da Pessoa Idosa da C\u00e2mara dos Deputados participou nesta&hellip; <\/p>\n","protected":false},"author":2,"featured_media":40408,"comment_status":"closed","ping_status":"closed","sticky":false,"template":"","format":"standard","meta":{"sfsi_plus_gutenberg_text_before_share":"","sfsi_plus_gutenberg_show_text_before_share":"","sfsi_plus_gutenberg_icon_type":"","sfsi_plus_gutenberg_icon_alignemt":"","sfsi_plus_gutenburg_max_per_row":"","footnotes":""},"categories":[11],"tags":[],"class_list":["post-48928","post","type-post","status-publish","format-standard","has-post-thumbnail","hentry","category-politica"],"_links":{"self":[{"href":"https:\/\/www.caririemacao.com\/1\/wp-json\/wp\/v2\/posts\/48928","targetHints":{"allow":["GET"]}}],"collection":[{"href":"https:\/\/www.caririemacao.com\/1\/wp-json\/wp\/v2\/posts"}],"about":[{"href":"https:\/\/www.caririemacao.com\/1\/wp-json\/wp\/v2\/types\/post"}],"author":[{"embeddable":true,"href":"https:\/\/www.caririemacao.com\/1\/wp-json\/wp\/v2\/users\/2"}],"replies":[{"embeddable":true,"href":"https:\/\/www.caririemacao.com\/1\/wp-json\/wp\/v2\/comments?post=48928"}],"version-history":[{"count":0,"href":"https:\/\/www.caririemacao.com\/1\/wp-json\/wp\/v2\/posts\/48928\/revisions"}],"wp:featuredmedia":[{"embeddable":true,"href":"https:\/\/www.caririemacao.com\/1\/wp-json\/wp\/v2\/media\/40408"}],"wp:attachment":[{"href":"https:\/\/www.caririemacao.com\/1\/wp-json\/wp\/v2\/media?parent=48928"}],"wp:term":[{"taxonomy":"category","embeddable":true,"href":"https:\/\/www.caririemacao.com\/1\/wp-json\/wp\/v2\/categories?post=48928"},{"taxonomy":"post_tag","embeddable":true,"href":"https:\/\/www.caririemacao.com\/1\/wp-json\/wp\/v2\/tags?post=48928"}],"curies":[{"name":"wp","href":"https:\/\/api.w.org\/{rel}","templated":true}]}}