{"id":48930,"date":"2018-04-25T10:46:04","date_gmt":"2018-04-25T13:46:04","guid":{"rendered":"http:\/\/caririemacao.com\/1\/?p=48930"},"modified":"2018-04-25T10:46:04","modified_gmt":"2018-04-25T13:46:04","slug":"prisao-de-lula-impulsiona-novas-filiacoes-ao-pt","status":"publish","type":"post","link":"https:\/\/www.caririemacao.com\/1\/2018\/04\/25\/prisao-de-lula-impulsiona-novas-filiacoes-ao-pt\/","title":{"rendered":"Pris\u00e3o de Lula impulsiona novas filia\u00e7\u00f5es ao PT"},"content":{"rendered":"<p>O n\u00famero de filia\u00e7\u00f5es ao PT cresceu desde a pris\u00e3o do ex-presidente Lula, h\u00e1 duas semanas. Em 15 dias, 3.230 pessoas se filiaram ao partido, quase 30% do total de 11 mil inscritos desde o in\u00edcio de janeiro. As informa\u00e7\u00f5es s\u00e3o da Folha de S. Paulo. De acordo com a coluna Painel, aproveitando essas ades\u00f5es espont\u00e2neas, a legenda decidiu lan\u00e7ar uma campanha \u2013 \u201cSou Lula, sou PT\u201d \u2013 para aumentar sua lista de correligion\u00e1rios. O partido tem hoje 2,1 milh\u00f5es de filiados em todo o pa\u00eds.<\/p>\n<p>Desses, 44% s\u00e3o mulheres, percentual que soube para 51% nos munic\u00edpios com mais de 500 mil habitantes. A ex-presidente Dilma participar\u00e1 do lan\u00e7amento da campanha, em Curitiba, cidade onde Lula cumpre pena de 12 anos de pris\u00e3o.<\/p>\n<p><strong>CARIRI EM A\u00c7\u00c3O<\/strong><\/p>\n<p><em>Com Congresso em Foco\/Foto: Reprodu\u00e7\u00e3o Internet<\/em><\/p>\n<p><strong>Leia mais not\u00edcias em\u00a0<\/strong><a href=\"http:\/\/www.caririemacao.com\/\"><strong>caririemacao.com<\/strong><\/a><strong>, siga nossa p\u00e1gina no\u00a0<\/strong><a href=\"https:\/\/www.facebook.com\/CaririEmAcao\/?ref=aymt_homepage_panel\"><strong>Facebook<\/strong><\/a>,<strong>\u00a0<\/strong><a href=\"https:\/\/www.instagram.com\/cariri_em_acao\/?hl=pt-br\"><strong>Instagram<\/strong><\/a><strong>\u00a0e <\/strong><a href=\"https:\/\/www.youtube.com\/channel\/UCAptA0jQuYQy8vMhLt2m4qg\"><strong>Youtube<\/strong><\/a><strong>\u00a0e veja nossas mat\u00e9rias, v\u00eddeos e fotos. Voc\u00ea tamb\u00e9m pode enviar informa\u00e7\u00f5es \u00e0 Reda\u00e7\u00e3o do Portal Cariri em A\u00e7\u00e3o pelo WhatsApp (83) 9 9634.5791, (83) 9 9601-1162.<\/strong><\/p>\n","protected":false},"excerpt":{"rendered":"<p>O n\u00famero de filia\u00e7\u00f5es ao PT cresceu desde a pris\u00e3o do ex-presidente Lula, h\u00e1 duas semanas. Em 15 dias, 3.230 pessoas se filiaram ao partido,&hellip; <\/p>\n","protected":false},"author":2,"featured_media":32915,"comment_status":"closed","ping_status":"closed","sticky":false,"template":"","format":"standard","meta":{"sfsi_plus_gutenberg_text_before_share":"","sfsi_plus_gutenberg_show_text_before_share":"","sfsi_plus_gutenberg_icon_type":"","sfsi_plus_gutenberg_icon_alignemt":"","sfsi_plus_gutenburg_max_per_row":"","footnotes":""},"categories":[2],"tags":[],"class_list":["post-48930","post","type-post","status-publish","format-standard","has-post-thumbnail","hentry","category-geral"],"_links":{"self":[{"href":"https:\/\/www.caririemacao.com\/1\/wp-json\/wp\/v2\/posts\/48930","targetHints":{"allow":["GET"]}}],"collection":[{"href":"https:\/\/www.caririemacao.com\/1\/wp-json\/wp\/v2\/posts"}],"about":[{"href":"https:\/\/www.caririemacao.com\/1\/wp-json\/wp\/v2\/types\/post"}],"author":[{"embeddable":true,"href":"https:\/\/www.caririemacao.com\/1\/wp-json\/wp\/v2\/users\/2"}],"replies":[{"embeddable":true,"href":"https:\/\/www.caririemacao.com\/1\/wp-json\/wp\/v2\/comments?post=48930"}],"version-history":[{"count":0,"href":"https:\/\/www.caririemacao.com\/1\/wp-json\/wp\/v2\/posts\/48930\/revisions"}],"wp:featuredmedia":[{"embeddable":true,"href":"https:\/\/www.caririemacao.com\/1\/wp-json\/wp\/v2\/media\/32915"}],"wp:attachment":[{"href":"https:\/\/www.caririemacao.com\/1\/wp-json\/wp\/v2\/media?parent=48930"}],"wp:term":[{"taxonomy":"category","embeddable":true,"href":"https:\/\/www.caririemacao.com\/1\/wp-json\/wp\/v2\/categories?post=48930"},{"taxonomy":"post_tag","embeddable":true,"href":"https:\/\/www.caririemacao.com\/1\/wp-json\/wp\/v2\/tags?post=48930"}],"curies":[{"name":"wp","href":"https:\/\/api.w.org\/{rel}","templated":true}]}}