{"id":48938,"date":"2018-04-25T11:37:23","date_gmt":"2018-04-25T14:37:23","guid":{"rendered":"http:\/\/caririemacao.com\/1\/?p=48938"},"modified":"2018-04-25T11:43:43","modified_gmt":"2018-04-25T14:43:43","slug":"pre-candidato-da-situacao-vai-contar-com-o-apoio-de-20-partidos","status":"publish","type":"post","link":"https:\/\/www.caririemacao.com\/1\/2018\/04\/25\/pre-candidato-da-situacao-vai-contar-com-o-apoio-de-20-partidos\/","title":{"rendered":"Pr\u00e9-candidato da situa\u00e7\u00e3o vai contar com o apoio de 20 partidos"},"content":{"rendered":"<p>O pr\u00e9-candidato a governador, Jo\u00e3o Azevedo (PSB) disse que deve reunir aproximadamente\u00a0 20 partidos em uma coliga\u00e7\u00e3o. Sem falar em nomes, Jo\u00e3o disse que os refor\u00e7os ser\u00e3o divulgados em breve e que eles est\u00e3o chegando com base na qualifica\u00e7\u00e3o e n\u00e3o apenas na quantidade.<\/p>\n<p>Jo\u00e3o esclareceu que as conversas com os partidos est\u00e3o bem adiantadas e que a defini\u00e7\u00e3o da chapa completa ficar\u00e1 para o m\u00eas de junho ou julho. \u201cClaro que copiaremos muita coisa do atual governo, mas temos que ter nossa pr\u00f3pria identidade, seguindo os passos do governador Ricardo Coutinho. Ele ser\u00e1 muito importante nesse processo, porque \u00e9 o cara que mais pensa, \u00e9 dedicado e tem um amor incr\u00edvel por essa terra. Manteremos este cen\u00e1rio que j\u00e1 \u00e9 muito favor\u00e1vel,\u201d disse.<\/p>\n<div class=\"green-area t-left t-cont text-center\">\n<div class=\"anuncio\">\n<p>De acordo com ele, os partidos sabem da corre\u00e7\u00e3o e fidelidade deste projeto que nasceu l\u00e1 atr\u00e1s e n\u00e3o foi fabricado buscando interesses familiares e de grupos pequenos.<\/p>\n<p><strong>CARIRI EM A\u00c7\u00c3O<\/strong><\/p>\n<p><em>Com <\/em>Politika<em>\/Foto: Reprodu\u00e7\u00e3o Internet<\/em><\/p>\n<p><strong>Leia mais not\u00edcias em\u00a0<\/strong><a href=\"http:\/\/www.caririemacao.com\/\"><strong>caririemacao.com<\/strong><\/a><strong>, siga nossa p\u00e1gina no\u00a0<\/strong><a href=\"https:\/\/www.facebook.com\/CaririEmAcao\/?ref=aymt_homepage_panel\"><strong>Facebook<\/strong><\/a>,<strong>\u00a0<\/strong><a href=\"https:\/\/www.instagram.com\/cariri_em_acao\/?hl=pt-br\"><strong>Instagram<\/strong><\/a><strong>\u00a0e <\/strong><a href=\"https:\/\/www.youtube.com\/channel\/UCAptA0jQuYQy8vMhLt2m4qg\"><strong>Youtube<\/strong><\/a><strong>\u00a0e veja nossas mat\u00e9rias, v\u00eddeos e fotos. Voc\u00ea tamb\u00e9m pode enviar informa\u00e7\u00f5es \u00e0 Reda\u00e7\u00e3o do Portal Cariri em A\u00e7\u00e3o pelo WhatsApp (83) 9 9634.5791, (83) 9 9601-1162.<\/strong><\/p>\n<p>&nbsp;<\/p>\n<\/div>\n<\/div>\n","protected":false},"excerpt":{"rendered":"<p>O pr\u00e9-candidato a governador, Jo\u00e3o Azevedo (PSB) disse que deve reunir aproximadamente\u00a0 20 partidos em uma coliga\u00e7\u00e3o. Sem falar em nomes, Jo\u00e3o disse que os&hellip; <\/p>\n","protected":false},"author":2,"featured_media":34955,"comment_status":"closed","ping_status":"closed","sticky":false,"template":"","format":"standard","meta":{"sfsi_plus_gutenberg_text_before_share":"","sfsi_plus_gutenberg_show_text_before_share":"","sfsi_plus_gutenberg_icon_type":"","sfsi_plus_gutenberg_icon_alignemt":"","sfsi_plus_gutenburg_max_per_row":"","footnotes":""},"categories":[11],"tags":[],"class_list":["post-48938","post","type-post","status-publish","format-standard","has-post-thumbnail","hentry","category-politica"],"_links":{"self":[{"href":"https:\/\/www.caririemacao.com\/1\/wp-json\/wp\/v2\/posts\/48938","targetHints":{"allow":["GET"]}}],"collection":[{"href":"https:\/\/www.caririemacao.com\/1\/wp-json\/wp\/v2\/posts"}],"about":[{"href":"https:\/\/www.caririemacao.com\/1\/wp-json\/wp\/v2\/types\/post"}],"author":[{"embeddable":true,"href":"https:\/\/www.caririemacao.com\/1\/wp-json\/wp\/v2\/users\/2"}],"replies":[{"embeddable":true,"href":"https:\/\/www.caririemacao.com\/1\/wp-json\/wp\/v2\/comments?post=48938"}],"version-history":[{"count":0,"href":"https:\/\/www.caririemacao.com\/1\/wp-json\/wp\/v2\/posts\/48938\/revisions"}],"wp:featuredmedia":[{"embeddable":true,"href":"https:\/\/www.caririemacao.com\/1\/wp-json\/wp\/v2\/media\/34955"}],"wp:attachment":[{"href":"https:\/\/www.caririemacao.com\/1\/wp-json\/wp\/v2\/media?parent=48938"}],"wp:term":[{"taxonomy":"category","embeddable":true,"href":"https:\/\/www.caririemacao.com\/1\/wp-json\/wp\/v2\/categories?post=48938"},{"taxonomy":"post_tag","embeddable":true,"href":"https:\/\/www.caririemacao.com\/1\/wp-json\/wp\/v2\/tags?post=48938"}],"curies":[{"name":"wp","href":"https:\/\/api.w.org\/{rel}","templated":true}]}}