{"id":48940,"date":"2018-04-25T11:48:33","date_gmt":"2018-04-25T14:48:33","guid":{"rendered":"http:\/\/caririemacao.com\/1\/?p=48940"},"modified":"2018-04-25T11:48:33","modified_gmt":"2018-04-25T14:48:33","slug":"ricardo-coutinho-se-agiganta-com-a-absolvicao-do-tse","status":"publish","type":"post","link":"https:\/\/www.caririemacao.com\/1\/2018\/04\/25\/ricardo-coutinho-se-agiganta-com-a-absolvicao-do-tse\/","title":{"rendered":"Ricardo Coutinho se agiganta com a absolvi\u00e7\u00e3o do TSE"},"content":{"rendered":"<p>A absolvi\u00e7\u00e3o de Ricardo e L\u00edgia Feliciano, pelo Tribunal Superior Eleitoral, na noite de ontem, na famosa AIJE do Fim do Mundo &#8211; como ficou conhecida &#8211; tem um sabor muito especial para o socialista.<\/p>\n<p>Depois de abrir m\u00e3o de disputar uma vaga de senador &#8211; praticamente com vit\u00f3ria certa &#8211; e permanecer \u00e0 frente do governo at\u00e9 o final do mandato, em prol de uma n\u00e3o descontinuidade das a\u00e7\u00f5es da sua gest\u00e3o e para que o estado n\u00e3o sofresse falta de governabilidade, segundo o governador, Coutinho tem mais um grande argumento que \u00e9 um trunfo de ouro para a campanha deste ano.<\/p>\n<p>Mesmo conscientes de que ele n\u00e3o deixou o governo porque n\u00e3o confiava em L\u00edgia, ou seja, n\u00e3o poderia manipul\u00e1-la para fazer o que bem quisesse na m\u00e1quina do governo &#8211; mesmo de fora &#8211; ali\u00e1s, como ele fez com Luciano Agra, sabemos que Ricardo \u00e9 quem tem os melhores argumentos para tentar convencer o eleitor, na luta para transfer\u00eancia dos seus votos e sua aprova\u00e7\u00e3o para o seu candidato, o ex-super-secret\u00e1rio, JO\u00c3O AZEVEDO.<\/p>\n<p>Indiscutivelmente, Ricardo Coutinho tem o melhor discurso que boa parte da sociedade quer ouvir.<\/p>\n<p>O candidato do governador na busca pela sucess\u00e3o pode at\u00e9 n\u00e3o ser conhecido, mas n\u00e3o se pode negar, ou se enganar, que ele \u00e9 um excelente quadro: Jo\u00e3o Azevedo \u00e9 um t\u00e9cnico respeitado, homem de fam\u00edlia, extremamente s\u00e9rio e correto, \u00e9 um craque no debate e n\u00e3o lhe falta conhecimento, informa\u00e7\u00f5es e argumentos.<\/p>\n<p>Est\u00e1 diretamente ligado ao governo de Ricardo Coutinho e tem participa\u00e7\u00e3o em praticamente todas as mais importantes a\u00e7\u00f5es de governo que d\u00e3o ao socialista quase 80% de aprova\u00e7\u00e3o em algumas regi\u00f5es da Para\u00edba.<\/p>\n<p>Ricardo apostou alto ficando na cadeira at\u00e9 o final e j\u00e1 come\u00e7a a colher os frutos da sua coragem e da sua ousadia.<\/p>\n<p>A oposi\u00e7\u00e3o vai ter que suar muitas camisas verdes e\/ou vermelhas, para tentar desqualificar e vencer o candidato do atual governo socialista.<\/p>\n<p>Mas, claro que nem tudo s\u00e3o flores. Todo governo de 08 anos tamb\u00e9m carrega uma rejei\u00e7\u00e3o natural e Ricardo ainda precisa tamb\u00e9m compor politicamente, para consolidar Jo\u00e3o Azevedo.<\/p>\n<p>Uma coisa \u00e9 certa, para quem tem m\u00e1quina \u00e9 meio caminho andado!!!<\/p>\n<p>E assim como praticamente todos esses agentes pol\u00edticos, Ricardo Coutinho $abe u$ar a m\u00e1quina muito bem!!!<\/p>\n<p>Opini\u00e3o &#8211; Jornalista MILTON FIGUEIREDO<\/p>\n<p><strong>CARIRI EM A\u00c7\u00c3O<\/strong><\/p>\n<p><em>Com Resumo PB \/Foto:Cariri em A\u00e7\u00e3o\u00a0<\/em><\/p>\n<p><strong>Leia mais not\u00edcias em\u00a0<\/strong><a href=\"http:\/\/www.caririemacao.com\/\"><strong>caririemacao.com<\/strong><\/a><strong>, siga nossa p\u00e1gina no\u00a0<\/strong><a href=\"https:\/\/www.facebook.com\/CaririEmAcao\/?ref=aymt_homepage_panel\"><strong>Facebook<\/strong><\/a>,<strong>\u00a0<\/strong><a href=\"https:\/\/www.instagram.com\/cariri_em_acao\/?hl=pt-br\"><strong>Instagram<\/strong><\/a><strong>\u00a0e <\/strong><a href=\"https:\/\/www.youtube.com\/channel\/UCAptA0jQuYQy8vMhLt2m4qg\"><strong>Youtube<\/strong><\/a><strong>\u00a0e veja nossas mat\u00e9rias, v\u00eddeos e fotos. Voc\u00ea tamb\u00e9m pode enviar informa\u00e7\u00f5es \u00e0 Reda\u00e7\u00e3o do Portal Cariri em A\u00e7\u00e3o pelo WhatsApp (83) 9 9634.5791, (83) 9 9601-1162.<\/strong><\/p>\n","protected":false},"excerpt":{"rendered":"<p>A absolvi\u00e7\u00e3o de Ricardo e L\u00edgia Feliciano, pelo Tribunal Superior Eleitoral, na noite de ontem, na famosa AIJE do Fim do Mundo &#8211; como ficou&hellip; <\/p>\n","protected":false},"author":2,"featured_media":33979,"comment_status":"closed","ping_status":"closed","sticky":false,"template":"","format":"standard","meta":{"sfsi_plus_gutenberg_text_before_share":"","sfsi_plus_gutenberg_show_text_before_share":"","sfsi_plus_gutenberg_icon_type":"","sfsi_plus_gutenberg_icon_alignemt":"","sfsi_plus_gutenburg_max_per_row":"","footnotes":""},"categories":[2],"tags":[],"class_list":["post-48940","post","type-post","status-publish","format-standard","has-post-thumbnail","hentry","category-geral"],"_links":{"self":[{"href":"https:\/\/www.caririemacao.com\/1\/wp-json\/wp\/v2\/posts\/48940","targetHints":{"allow":["GET"]}}],"collection":[{"href":"https:\/\/www.caririemacao.com\/1\/wp-json\/wp\/v2\/posts"}],"about":[{"href":"https:\/\/www.caririemacao.com\/1\/wp-json\/wp\/v2\/types\/post"}],"author":[{"embeddable":true,"href":"https:\/\/www.caririemacao.com\/1\/wp-json\/wp\/v2\/users\/2"}],"replies":[{"embeddable":true,"href":"https:\/\/www.caririemacao.com\/1\/wp-json\/wp\/v2\/comments?post=48940"}],"version-history":[{"count":0,"href":"https:\/\/www.caririemacao.com\/1\/wp-json\/wp\/v2\/posts\/48940\/revisions"}],"wp:featuredmedia":[{"embeddable":true,"href":"https:\/\/www.caririemacao.com\/1\/wp-json\/wp\/v2\/media\/33979"}],"wp:attachment":[{"href":"https:\/\/www.caririemacao.com\/1\/wp-json\/wp\/v2\/media?parent=48940"}],"wp:term":[{"taxonomy":"category","embeddable":true,"href":"https:\/\/www.caririemacao.com\/1\/wp-json\/wp\/v2\/categories?post=48940"},{"taxonomy":"post_tag","embeddable":true,"href":"https:\/\/www.caririemacao.com\/1\/wp-json\/wp\/v2\/tags?post=48940"}],"curies":[{"name":"wp","href":"https:\/\/api.w.org\/{rel}","templated":true}]}}