{"id":48944,"date":"2018-04-25T11:56:30","date_gmt":"2018-04-25T14:56:30","guid":{"rendered":"http:\/\/caririemacao.com\/1\/?p=48944"},"modified":"2018-04-25T11:56:30","modified_gmt":"2018-04-25T14:56:30","slug":"discussao-de-vizinhos-termina-com-briga-de-faca-e-uma-morte","status":"publish","type":"post","link":"https:\/\/www.caririemacao.com\/1\/2018\/04\/25\/discussao-de-vizinhos-termina-com-briga-de-faca-e-uma-morte\/","title":{"rendered":"Discuss\u00e3o de vizinhos termina com briga de faca e uma morte"},"content":{"rendered":"<p>Na noite desta ter\u00e7a-feira (24), estavam dois homens bebendo em uma residencia no \u201cBECO DA BAIUCA\u201d pr\u00f3ximo a rua dos pereiros em Monteiro no Cariri Paraibano.<\/p>\n<p>Segundo informa\u00e7\u00f5es os dois estavam bebendo quando se desentenderam e o acusado de nome JO\u00c3O BANANA efetuou um golpe de arma branca \u201cFACA\u201d na vitima mais conhecido por CICERO de 36 anos de idade .<\/p>\n<p>A equipe de atendimento m\u00f3vel SAMU fez os primeiros socorros e encaminhou para o Hospital Regional Santa Filomena, devido a gravidade do ferimento foi transferido para o Hospital de Emerg\u00eancia e Trauma de Campina Grande, mais n\u00e3o resistiu e veio \u00f3bito.<\/p>\n<p><strong>CARIRI EM A\u00c7\u00c3O<\/strong><\/p>\n<p><em>Com Hora1PB\/Foto:\u00a0Hora1PB<\/em><\/p>\n<p><strong>Leia mais not\u00edcias em\u00a0<\/strong><a href=\"http:\/\/www.caririemacao.com\/\"><strong>caririemacao.com<\/strong><\/a><strong>, siga nossa p\u00e1gina no\u00a0<\/strong><a href=\"https:\/\/www.facebook.com\/CaririEmAcao\/?ref=aymt_homepage_panel\"><strong>Facebook<\/strong><\/a>,<strong>\u00a0<\/strong><a href=\"https:\/\/www.instagram.com\/cariri_em_acao\/?hl=pt-br\"><strong>Instagram<\/strong><\/a><strong>\u00a0e\u00a0<\/strong><a href=\"https:\/\/www.youtube.com\/channel\/UCAptA0jQuYQy8vMhLt2m4qg\"><strong>Youtube<\/strong><\/a><strong>\u00a0e veja nossas mat\u00e9rias, v\u00eddeos e fotos. Voc\u00ea tamb\u00e9m pode enviar informa\u00e7\u00f5es \u00e0 Reda\u00e7\u00e3o do Portal Cariri em A\u00e7\u00e3o pelo WhatsApp (83) 9 9634.5791, (83) 9 9601-1162.<\/strong><\/p>\n","protected":false},"excerpt":{"rendered":"<p>Na noite desta ter\u00e7a-feira (24), estavam dois homens bebendo em uma residencia no \u201cBECO DA BAIUCA\u201d pr\u00f3ximo a rua dos pereiros em Monteiro no Cariri&hellip; <\/p>\n","protected":false},"author":2,"featured_media":48945,"comment_status":"closed","ping_status":"closed","sticky":false,"template":"","format":"standard","meta":{"sfsi_plus_gutenberg_text_before_share":"","sfsi_plus_gutenberg_show_text_before_share":"","sfsi_plus_gutenberg_icon_type":"","sfsi_plus_gutenberg_icon_alignemt":"","sfsi_plus_gutenburg_max_per_row":"","footnotes":""},"categories":[12],"tags":[],"class_list":["post-48944","post","type-post","status-publish","format-standard","has-post-thumbnail","hentry","category-policia"],"_links":{"self":[{"href":"https:\/\/www.caririemacao.com\/1\/wp-json\/wp\/v2\/posts\/48944","targetHints":{"allow":["GET"]}}],"collection":[{"href":"https:\/\/www.caririemacao.com\/1\/wp-json\/wp\/v2\/posts"}],"about":[{"href":"https:\/\/www.caririemacao.com\/1\/wp-json\/wp\/v2\/types\/post"}],"author":[{"embeddable":true,"href":"https:\/\/www.caririemacao.com\/1\/wp-json\/wp\/v2\/users\/2"}],"replies":[{"embeddable":true,"href":"https:\/\/www.caririemacao.com\/1\/wp-json\/wp\/v2\/comments?post=48944"}],"version-history":[{"count":0,"href":"https:\/\/www.caririemacao.com\/1\/wp-json\/wp\/v2\/posts\/48944\/revisions"}],"wp:featuredmedia":[{"embeddable":true,"href":"https:\/\/www.caririemacao.com\/1\/wp-json\/wp\/v2\/media\/48945"}],"wp:attachment":[{"href":"https:\/\/www.caririemacao.com\/1\/wp-json\/wp\/v2\/media?parent=48944"}],"wp:term":[{"taxonomy":"category","embeddable":true,"href":"https:\/\/www.caririemacao.com\/1\/wp-json\/wp\/v2\/categories?post=48944"},{"taxonomy":"post_tag","embeddable":true,"href":"https:\/\/www.caririemacao.com\/1\/wp-json\/wp\/v2\/tags?post=48944"}],"curies":[{"name":"wp","href":"https:\/\/api.w.org\/{rel}","templated":true}]}}