{"id":48967,"date":"2018-04-25T21:45:52","date_gmt":"2018-04-26T00:45:52","guid":{"rendered":"http:\/\/caririemacao.com\/1\/?p=48967"},"modified":"2018-04-25T21:45:52","modified_gmt":"2018-04-26T00:45:52","slug":"menina-gritava-de-dor-enquanto-era-estuprada-pelo-padrasto","status":"publish","type":"post","link":"https:\/\/www.caririemacao.com\/1\/2018\/04\/25\/menina-gritava-de-dor-enquanto-era-estuprada-pelo-padrasto\/","title":{"rendered":"Menina gritava de dor enquanto era estuprada pelo padrasto"},"content":{"rendered":"<p>Um padrasto foi preso em flagrante em uma comunidade do bairro Altiplano, em Jo\u00e3o Pessoa, no in\u00edcio da tarde desta ter\u00e7a-feira (24), suspeito de estuprar a enteada de 11 anos, durante quatro anos.<\/p>\n<div>De acordo com a delegada Joana D\u2019Arc, titular da Delegacia da Inf\u00e2ncia e Juventude, os vizinhos denunciaram que ap\u00f3s ouvirem a menina gritar de dor e pedidos de socorros. Os abusos estariam acontecendo desde a menina tinha 4 anos.<\/div>\n<div>\u201cAs testemunhas denunciaram que ouviram com frequ\u00eancia os gritos da menina de dor e pedindo para ele n\u00e3o abusar dela. Nesta ter\u00e7a, os vizinhos ouviram mais uma vez os gritos da garota e quando subiram no muro viram a menina com o peda\u00e7o de madeira gritando e ele seminu\u201d, falou a delegada.<\/div>\n<div>O homem foi preso em flagrante e nega ter abusado da enteada. A m\u00e3e da garota disse que ouviam alguns gritos, mas n\u00e3o desconfiava de nada.<\/div>\n<div><\/div>\n<div>\n<p><iframe style=\"border: none; overflow: hidden;\" data-src=\"https:\/\/www.facebook.com\/plugins\/video.php?href=https%3A%2F%2Fwww.facebook.com%2FCaririEmAcao%2Fvideos%2F1229904980478856%2F&amp;show_text=0&amp;width=560\" width=\"560\" height=\"315\" frameborder=\"0\" scrolling=\"no\" allowfullscreen=\"allowfullscreen\" src=\"data:image\/svg+xml;base64,PHN2ZyB3aWR0aD0iMSIgaGVpZ2h0PSIxIiB4bWxucz0iaHR0cDovL3d3dy53My5vcmcvMjAwMC9zdmciPjwvc3ZnPg==\" class=\"lazyload\" data-load-mode=\"1\"><\/iframe><\/p>\n<p><strong>CARIRI EM A\u00c7\u00c3O<\/strong><\/p>\n<p><em>Com Portalcorreio\/Foto: Portalcorreio<\/em><\/p>\n<p><strong>Leia mais not\u00edcias em\u00a0<\/strong><a href=\"http:\/\/www.caririemacao.com\/\"><strong>caririemacao.com<\/strong><\/a><strong>, siga nossa p\u00e1gina no\u00a0<\/strong><a href=\"https:\/\/www.facebook.com\/CaririEmAcao\/?ref=aymt_homepage_panel\"><strong>Facebook<\/strong><\/a>,<strong>\u00a0<\/strong><a href=\"https:\/\/www.instagram.com\/cariri_em_acao\/?hl=pt-br\"><strong>Instagram<\/strong><\/a><strong>\u00a0e\u00a0<\/strong><a href=\"https:\/\/www.youtube.com\/channel\/UCAptA0jQuYQy8vMhLt2m4qg\"><strong>Youtube<\/strong><\/a><strong>\u00a0e veja nossas mat\u00e9rias, v\u00eddeos e fotos. Voc\u00ea tamb\u00e9m pode enviar informa\u00e7\u00f5es \u00e0 Reda\u00e7\u00e3o do Portal Cariri em A\u00e7\u00e3o pelo WhatsApp (83) 9 9634.5791, (83) 9 9601-1162.<\/strong><\/p>\n<\/div>\n","protected":false},"excerpt":{"rendered":"<p>Um padrasto foi preso em flagrante em uma comunidade do bairro Altiplano, em Jo\u00e3o Pessoa, no in\u00edcio da tarde desta ter\u00e7a-feira (24), suspeito de estuprar&hellip; <\/p>\n","protected":false},"author":2,"featured_media":48968,"comment_status":"closed","ping_status":"closed","sticky":false,"template":"","format":"standard","meta":{"sfsi_plus_gutenberg_text_before_share":"","sfsi_plus_gutenberg_show_text_before_share":"","sfsi_plus_gutenberg_icon_type":"","sfsi_plus_gutenberg_icon_alignemt":"","sfsi_plus_gutenburg_max_per_row":"","footnotes":""},"categories":[12],"tags":[],"class_list":["post-48967","post","type-post","status-publish","format-standard","has-post-thumbnail","hentry","category-policia"],"_links":{"self":[{"href":"https:\/\/www.caririemacao.com\/1\/wp-json\/wp\/v2\/posts\/48967","targetHints":{"allow":["GET"]}}],"collection":[{"href":"https:\/\/www.caririemacao.com\/1\/wp-json\/wp\/v2\/posts"}],"about":[{"href":"https:\/\/www.caririemacao.com\/1\/wp-json\/wp\/v2\/types\/post"}],"author":[{"embeddable":true,"href":"https:\/\/www.caririemacao.com\/1\/wp-json\/wp\/v2\/users\/2"}],"replies":[{"embeddable":true,"href":"https:\/\/www.caririemacao.com\/1\/wp-json\/wp\/v2\/comments?post=48967"}],"version-history":[{"count":0,"href":"https:\/\/www.caririemacao.com\/1\/wp-json\/wp\/v2\/posts\/48967\/revisions"}],"wp:featuredmedia":[{"embeddable":true,"href":"https:\/\/www.caririemacao.com\/1\/wp-json\/wp\/v2\/media\/48968"}],"wp:attachment":[{"href":"https:\/\/www.caririemacao.com\/1\/wp-json\/wp\/v2\/media?parent=48967"}],"wp:term":[{"taxonomy":"category","embeddable":true,"href":"https:\/\/www.caririemacao.com\/1\/wp-json\/wp\/v2\/categories?post=48967"},{"taxonomy":"post_tag","embeddable":true,"href":"https:\/\/www.caririemacao.com\/1\/wp-json\/wp\/v2\/tags?post=48967"}],"curies":[{"name":"wp","href":"https:\/\/api.w.org\/{rel}","templated":true}]}}