{"id":48972,"date":"2018-04-25T12:47:38","date_gmt":"2018-04-25T15:47:38","guid":{"rendered":"http:\/\/caririemacao.com\/1\/?p=48972"},"modified":"2018-04-25T12:47:38","modified_gmt":"2018-04-25T15:47:38","slug":"alunos-se-revoltam-com-professor-e-furam-pneu-do-seu-veiculo-em-teixeira","status":"publish","type":"post","link":"https:\/\/www.caririemacao.com\/1\/2018\/04\/25\/alunos-se-revoltam-com-professor-e-furam-pneu-do-seu-veiculo-em-teixeira\/","title":{"rendered":"Alunos se revoltam com professor e furam pneu do seu ve\u00edculo em Teixeira"},"content":{"rendered":"<div>Dois alunos da Escola Municipal Jos\u00e9 Elias de Amorim, um de 14 e outro de 17 anos, se revoltaram contra um professor de Matem\u00e1tica e furaram os pneus do seu ve\u00edculo que estava estacionado em frente \u00e0 escola situada a Rua D\u00e1rio Ramalho, em Teixeira.<\/div>\n<div><\/div>\n<div>Segundo o que explicou o professor aos policiais que logo foram acionados, os alunos estavam inquietos e atrapalhando a sua aula, momento em que foram convocados a se retirarem do local. Para furar o pneu os alunos usaram grampos de ferro.<\/div>\n<div><\/div>\n<div>A guarni\u00e7\u00e3o comandada pelo Sargento Anchieta fez dilig\u00eancias e conseguiu localizar os menores\u00a0em menos de 5 minutos. Ao serem indagados sobre o fato, os mesmos confirmaram a autoria do delito. Na abordagem, suas mochilas estavam cheias de frutas, onde os mesmos afirmaram que furtaram de uma ch\u00e1cara pr\u00f3ximo ao cruzeiro.<\/div>\n<div><\/div>\n<div>A a\u00e7\u00e3o foi acompanhada pelo Conselho Tutelar, e os menores foram encaminhados at\u00e9 a Delegacia de Teixeira para procedimentos.<\/div>\n<div><\/div>\n<div>A dire\u00e7\u00e3o da escola municipal repudia tais atos e disse que estar\u00e1 resolvendo tamb\u00e9m o problema internamente.<\/div>\n<div>\n<p><strong>CARIRI EM A\u00c7\u00c3O<\/strong><\/p>\n<p><em>Com Folha Patoense\/Foto:\u00a0Folha Patoense<\/em><\/p>\n<p><strong>Leia mais not\u00edcias em\u00a0<\/strong><a href=\"http:\/\/www.caririemacao.com\/\"><strong>caririemacao.com<\/strong><\/a><strong>, siga nossa p\u00e1gina no\u00a0<\/strong><a href=\"https:\/\/www.facebook.com\/CaririEmAcao\/?ref=aymt_homepage_panel\"><strong>Facebook<\/strong><\/a>,<strong>\u00a0<\/strong><a href=\"https:\/\/www.instagram.com\/cariri_em_acao\/?hl=pt-br\"><strong>Instagram<\/strong><\/a><strong>\u00a0e\u00a0<\/strong><a href=\"https:\/\/www.youtube.com\/channel\/UCAptA0jQuYQy8vMhLt2m4qg\"><strong>Youtube<\/strong><\/a><strong>\u00a0e veja nossas mat\u00e9rias, v\u00eddeos e fotos. Voc\u00ea tamb\u00e9m pode enviar informa\u00e7\u00f5es \u00e0 Reda\u00e7\u00e3o do Portal Cariri em A\u00e7\u00e3o pelo WhatsApp (83) 9 9634.5791, (83) 9 9601-1162.<\/strong><\/p>\n<\/div>\n","protected":false},"excerpt":{"rendered":"<p>Dois alunos da Escola Municipal Jos\u00e9 Elias de Amorim, um de 14 e outro de 17 anos, se revoltaram contra um professor de Matem\u00e1tica e&hellip; <\/p>\n","protected":false},"author":2,"featured_media":48973,"comment_status":"closed","ping_status":"closed","sticky":false,"template":"","format":"standard","meta":{"sfsi_plus_gutenberg_text_before_share":"","sfsi_plus_gutenberg_show_text_before_share":"","sfsi_plus_gutenberg_icon_type":"","sfsi_plus_gutenberg_icon_alignemt":"","sfsi_plus_gutenburg_max_per_row":"","footnotes":""},"categories":[14],"tags":[],"class_list":["post-48972","post","type-post","status-publish","format-standard","has-post-thumbnail","hentry","category-educacao"],"_links":{"self":[{"href":"https:\/\/www.caririemacao.com\/1\/wp-json\/wp\/v2\/posts\/48972","targetHints":{"allow":["GET"]}}],"collection":[{"href":"https:\/\/www.caririemacao.com\/1\/wp-json\/wp\/v2\/posts"}],"about":[{"href":"https:\/\/www.caririemacao.com\/1\/wp-json\/wp\/v2\/types\/post"}],"author":[{"embeddable":true,"href":"https:\/\/www.caririemacao.com\/1\/wp-json\/wp\/v2\/users\/2"}],"replies":[{"embeddable":true,"href":"https:\/\/www.caririemacao.com\/1\/wp-json\/wp\/v2\/comments?post=48972"}],"version-history":[{"count":0,"href":"https:\/\/www.caririemacao.com\/1\/wp-json\/wp\/v2\/posts\/48972\/revisions"}],"wp:featuredmedia":[{"embeddable":true,"href":"https:\/\/www.caririemacao.com\/1\/wp-json\/wp\/v2\/media\/48973"}],"wp:attachment":[{"href":"https:\/\/www.caririemacao.com\/1\/wp-json\/wp\/v2\/media?parent=48972"}],"wp:term":[{"taxonomy":"category","embeddable":true,"href":"https:\/\/www.caririemacao.com\/1\/wp-json\/wp\/v2\/categories?post=48972"},{"taxonomy":"post_tag","embeddable":true,"href":"https:\/\/www.caririemacao.com\/1\/wp-json\/wp\/v2\/tags?post=48972"}],"curies":[{"name":"wp","href":"https:\/\/api.w.org\/{rel}","templated":true}]}}