{"id":48975,"date":"2018-04-25T13:08:45","date_gmt":"2018-04-25T16:08:45","guid":{"rendered":"http:\/\/caririemacao.com\/1\/?p=48975"},"modified":"2018-04-25T13:10:37","modified_gmt":"2018-04-25T16:10:37","slug":"em-sume-policia-prende-dois-elementos-e-recupera-carro-roubado-no-pe","status":"publish","type":"post","link":"https:\/\/www.caririemacao.com\/1\/2018\/04\/25\/em-sume-policia-prende-dois-elementos-e-recupera-carro-roubado-no-pe\/","title":{"rendered":"Em Sum\u00e9: Pol\u00edcia prende dois elementos e recupera carro roubado no PE"},"content":{"rendered":"<p>Em mais uma a\u00e7\u00e3o exitosa da Pol\u00edcia Militar da Para\u00edba, em especial da Companhia da PM em Sum\u00e9, conseguiu recuperar um carro que foi roubado na cidade de Santa Cruz do Capibaribe\/PE.<\/p>\n<p>A ocorr\u00eancia aconteceu no \u00faltimo s\u00e1bado, dia 21, quando por volta das 14:20 a PM, atrav\u00e9s da Guarni\u00e7\u00e3o composta pelo CMT cb Almiberto, do cb Amaral e os soldados Luiz e Soares quando os policiais realizavam rondas nas proximidades do Posto Canarinho em Sum\u00e9 e suspeitou de dois elementos em uma Fiat Strada, cor vermelha, placa PDY 7519, de Brejo da Madre de Deus\/PE.<\/p>\n<p>Ao aproximar do carro dos elementos, eles empreenderam fuga em dire\u00e7\u00e3o \u00e0 cidade de Monteiro. A PM informou que houve o acompanhamento do carro suspeito at\u00e9 pr\u00f3ximo \u00e0 entrada da cidade de Camala\u00fa onde os elementos foram abordados e ap\u00f3s fazer a verifica\u00e7\u00e3o do ve\u00edculo constatou-se que se tratava que o carro tomado por assalto na cidade de Santa Cruz do Capibaribe.<\/p>\n<p><a href=\"http:\/\/caririemacao.com\/1\/?attachment_id=48976\" rel=\"attachment wp-att-48976\"><img fetchpriority=\"high\" decoding=\"async\" class=\"aligncenter size-full wp-image-48976\" src=\"http:\/\/caririemacao.com\/1\/wp-content\/uploads\/2018\/04\/a3.jpg\" alt=\"\" width=\"600\" height=\"402\" srcset=\"https:\/\/www.caririemacao.com\/1\/wp-content\/uploads\/2018\/04\/a3.jpg 600w, https:\/\/www.caririemacao.com\/1\/wp-content\/uploads\/2018\/04\/a3-300x201.jpg 300w\" sizes=\"(max-width: 600px) 100vw, 600px\" \/><\/a><\/p>\n<p>Os acusados s\u00e3o C.V.M. menor de idade com 16 anos e Wellington Jos\u00e9 da Silva F\u00e9lix, esse maior de idade, ambos da Cidade de Santa Cruz do Capibaribe\/PE.<\/p>\n<p><a href=\"http:\/\/caririemacao.com\/1\/?attachment_id=48977\" rel=\"attachment wp-att-48977\"><img decoding=\"async\" class=\"aligncenter size-full wp-image-48977 lazyload\" data-src=\"http:\/\/caririemacao.com\/1\/wp-content\/uploads\/2018\/04\/a2.jpg\" alt=\"\" width=\"600\" height=\"402\" data-srcset=\"https:\/\/www.caririemacao.com\/1\/wp-content\/uploads\/2018\/04\/a2.jpg 600w, https:\/\/www.caririemacao.com\/1\/wp-content\/uploads\/2018\/04\/a2-300x201.jpg 300w\" data-sizes=\"(max-width: 600px) 100vw, 600px\" src=\"data:image\/svg+xml;base64,PHN2ZyB3aWR0aD0iMSIgaGVpZ2h0PSIxIiB4bWxucz0iaHR0cDovL3d3dy53My5vcmcvMjAwMC9zdmciPjwvc3ZnPg==\" style=\"--smush-placeholder-width: 600px; --smush-placeholder-aspect-ratio: 600\/402;\" \/><\/a><\/p>\n<p>O carro recuperado foi entregue ao seu propriet\u00e1rio e os acusados foram conduzidos \u00e0 DP da Cidade de Sum\u00e9 e autuados em flagrante delito.<\/p>\n<p><strong>CARIRI EM A\u00c7\u00c3O<\/strong><\/p>\n<p><strong style=\"font-style: inherit;\">Leia mais not\u00edcias em\u00a0<\/strong><a style=\"font-style: inherit; font-weight: inherit;\" href=\"http:\/\/www.caririemacao.com\/\"><strong style=\"font-style: inherit;\">caririemacao.com<\/strong><\/a><strong style=\"font-style: inherit;\">, siga nossa p\u00e1gina no\u00a0<\/strong><a style=\"font-style: inherit; font-weight: inherit;\" href=\"https:\/\/www.facebook.com\/CaririEmAcao\/?ref=aymt_homepage_panel\"><strong style=\"font-style: inherit;\">Facebook<\/strong><\/a>,<strong style=\"font-style: inherit;\">\u00a0<\/strong><a style=\"font-style: inherit; font-weight: inherit;\" href=\"https:\/\/www.instagram.com\/cariri_em_acao\/?hl=pt-br\"><strong style=\"font-style: inherit;\">Instagram<\/strong><\/a><strong style=\"font-style: inherit;\">\u00a0e\u00a0<\/strong><a style=\"font-style: inherit; font-weight: inherit;\" href=\"https:\/\/www.youtube.com\/channel\/UCAptA0jQuYQy8vMhLt2m4qg\"><strong style=\"font-style: inherit;\">Youtube<\/strong><\/a><strong style=\"font-style: inherit;\">\u00a0e veja nossas mat\u00e9rias, v\u00eddeos e fotos. Voc\u00ea tamb\u00e9m pode enviar informa\u00e7\u00f5es \u00e0 Reda\u00e7\u00e3o do Portal Cariri em A\u00e7\u00e3o pelo WhatsApp (83) 9 9634.5791, (83) 9 9601-1162.<\/strong><\/p>\n","protected":false},"excerpt":{"rendered":"<p>Em mais uma a\u00e7\u00e3o exitosa da Pol\u00edcia Militar da Para\u00edba, em especial da Companhia da PM em Sum\u00e9, conseguiu recuperar um carro que foi roubado&hellip; <\/p>\n","protected":false},"author":2,"featured_media":48978,"comment_status":"closed","ping_status":"closed","sticky":false,"template":"","format":"standard","meta":{"sfsi_plus_gutenberg_text_before_share":"","sfsi_plus_gutenberg_show_text_before_share":"","sfsi_plus_gutenberg_icon_type":"","sfsi_plus_gutenberg_icon_alignemt":"","sfsi_plus_gutenburg_max_per_row":"","footnotes":""},"categories":[12],"tags":[],"class_list":["post-48975","post","type-post","status-publish","format-standard","has-post-thumbnail","hentry","category-policia"],"_links":{"self":[{"href":"https:\/\/www.caririemacao.com\/1\/wp-json\/wp\/v2\/posts\/48975","targetHints":{"allow":["GET"]}}],"collection":[{"href":"https:\/\/www.caririemacao.com\/1\/wp-json\/wp\/v2\/posts"}],"about":[{"href":"https:\/\/www.caririemacao.com\/1\/wp-json\/wp\/v2\/types\/post"}],"author":[{"embeddable":true,"href":"https:\/\/www.caririemacao.com\/1\/wp-json\/wp\/v2\/users\/2"}],"replies":[{"embeddable":true,"href":"https:\/\/www.caririemacao.com\/1\/wp-json\/wp\/v2\/comments?post=48975"}],"version-history":[{"count":0,"href":"https:\/\/www.caririemacao.com\/1\/wp-json\/wp\/v2\/posts\/48975\/revisions"}],"wp:featuredmedia":[{"embeddable":true,"href":"https:\/\/www.caririemacao.com\/1\/wp-json\/wp\/v2\/media\/48978"}],"wp:attachment":[{"href":"https:\/\/www.caririemacao.com\/1\/wp-json\/wp\/v2\/media?parent=48975"}],"wp:term":[{"taxonomy":"category","embeddable":true,"href":"https:\/\/www.caririemacao.com\/1\/wp-json\/wp\/v2\/categories?post=48975"},{"taxonomy":"post_tag","embeddable":true,"href":"https:\/\/www.caririemacao.com\/1\/wp-json\/wp\/v2\/tags?post=48975"}],"curies":[{"name":"wp","href":"https:\/\/api.w.org\/{rel}","templated":true}]}}