{"id":48982,"date":"2018-04-25T13:47:26","date_gmt":"2018-04-25T16:47:26","guid":{"rendered":"http:\/\/caririemacao.com\/1\/?p=48982"},"modified":"2018-04-25T13:47:26","modified_gmt":"2018-04-25T16:47:26","slug":"maria-clara-se-apresenta-pela-1a-vez-no-cariri","status":"publish","type":"post","link":"https:\/\/www.caririemacao.com\/1\/2018\/04\/25\/maria-clara-se-apresenta-pela-1a-vez-no-cariri\/","title":{"rendered":"Maria Clara se apresenta pela 1\u00aa vez no Cariri"},"content":{"rendered":"<p>A revela\u00e7\u00e3o do sertanejo, a cantora e compositora Maria Clara, estar\u00e1 nesta segunda-feira, dia 30, v\u00e9spera de feriado, se apresentando pela primeira vez na regi\u00e3o do Cariri Paraibano.<\/p>\n<p>Al\u00e9m da cantora pernambucana, a festa contar\u00e1 com os shows de Adriano Silva e Dejinha de Monteiro que animar\u00e3o a Festa do Trabalhador na cidade de Sum\u00e9.<\/p>\n<p>Vale destacar que um dos sucessos de Maria Clara \u00e9 a m\u00fasica Tudo que eu queria, com a participa\u00e7\u00e3o do cantor Avine Vinny, que j\u00e1 atinge quase 8 milh\u00f5es de visualiza\u00e7\u00f5es no Youtube. Ela ainda tem outro sucesso que \u00e9 a m\u00fasica \u201cControl C + Control V\u201d, uma parceria com o cantor Jonas Esticado.<\/p>\n<p>A festa promovida pela empresa IOA Servi\u00e7os acontece no gin\u00e1sio o Net\u00e3o. De acordo com a organiza\u00e7\u00e3o, os ingressos j\u00e1 est\u00e3o no 2\u00ba lote.<\/p>\n<p><strong>Veja um pouco do sucesso de Maria Clara.<\/strong><\/p>\n<p><div class=\"ose-youtube ose-uid-25e5a0923b21ecaf51a528feb61ae651 ose-embedpress-responsive\" style=\"width:600px; height:550px; max-height:550px; max-width:100%; display:inline-block;\" data-embed-type=\"Youtube\"><iframe allowFullScreen=\"true\" title=\"Maria Clara - Tudo Que Eu Queria (Feat. Avine Vinny)\" width=\"600\" height=\"550\" data-src=\"https:\/\/www.youtube.com\/embed\/B5vlr8z5lrM?feature=oembed&color=red&rel=0&controls=1&start=&end=&fs=0&iv_load_policy=0&autoplay=0&mute=0&modestbranding=0&cc_load_policy=1&playsinline=1\" frameborder=\"0\" allow=\"accelerometer; encrypted-media;accelerometer;autoplay;clipboard-write;gyroscope;picture-in-picture clipboard-write; encrypted-media; gyroscope; picture-in-picture; web-share\" referrerpolicy=\"strict-origin-when-cross-origin\" allowfullscreen src=\"data:image\/svg+xml;base64,PHN2ZyB3aWR0aD0iMSIgaGVpZ2h0PSIxIiB4bWxucz0iaHR0cDovL3d3dy53My5vcmcvMjAwMC9zdmciPjwvc3ZnPg==\" class=\"lazyload\" data-load-mode=\"1\"><\/iframe><\/div><\/p>\n<p><strong>CARIRI EM A\u00c7\u00c3O<\/strong><\/p>\n<p><strong style=\"font-style: inherit;\">Leia mais not\u00edcias em\u00a0<\/strong><a style=\"font-style: inherit; font-weight: inherit;\" href=\"http:\/\/www.caririemacao.com\/\"><strong style=\"font-style: inherit;\">caririemacao.com<\/strong><\/a><strong style=\"font-style: inherit;\">, siga nossa p\u00e1gina no\u00a0<\/strong><a style=\"font-style: inherit; font-weight: inherit;\" href=\"https:\/\/www.facebook.com\/CaririEmAcao\/?ref=aymt_homepage_panel\"><strong style=\"font-style: inherit;\">Facebook<\/strong><\/a>,<strong style=\"font-style: inherit;\">\u00a0<\/strong><a style=\"font-style: inherit; font-weight: inherit;\" href=\"https:\/\/www.instagram.com\/cariri_em_acao\/?hl=pt-br\"><strong style=\"font-style: inherit;\">Instagram<\/strong><\/a><strong style=\"font-style: inherit;\">\u00a0e\u00a0<\/strong><a style=\"font-style: inherit; font-weight: inherit;\" href=\"https:\/\/www.youtube.com\/channel\/UCAptA0jQuYQy8vMhLt2m4qg\"><strong style=\"font-style: inherit;\">Youtube<\/strong><\/a><strong style=\"font-style: inherit;\">\u00a0e veja nossas mat\u00e9rias, v\u00eddeos e fotos. Voc\u00ea tamb\u00e9m pode enviar informa\u00e7\u00f5es \u00e0 Reda\u00e7\u00e3o do Portal Cariri em A\u00e7\u00e3o pelo WhatsApp (83) 9 9634.5791, (83) 9 9601-1162.<\/strong><\/p>\n","protected":false},"excerpt":{"rendered":"<p>A revela\u00e7\u00e3o do sertanejo, a cantora e compositora Maria Clara, estar\u00e1 nesta segunda-feira, dia 30, v\u00e9spera de feriado, se apresentando pela primeira vez na regi\u00e3o&hellip; <\/p>\n","protected":false},"author":2,"featured_media":48983,"comment_status":"closed","ping_status":"closed","sticky":false,"template":"","format":"standard","meta":{"sfsi_plus_gutenberg_text_before_share":"","sfsi_plus_gutenberg_show_text_before_share":"","sfsi_plus_gutenberg_icon_type":"","sfsi_plus_gutenberg_icon_alignemt":"","sfsi_plus_gutenburg_max_per_row":"","footnotes":""},"categories":[2],"tags":[],"class_list":["post-48982","post","type-post","status-publish","format-standard","has-post-thumbnail","hentry","category-geral"],"_links":{"self":[{"href":"https:\/\/www.caririemacao.com\/1\/wp-json\/wp\/v2\/posts\/48982","targetHints":{"allow":["GET"]}}],"collection":[{"href":"https:\/\/www.caririemacao.com\/1\/wp-json\/wp\/v2\/posts"}],"about":[{"href":"https:\/\/www.caririemacao.com\/1\/wp-json\/wp\/v2\/types\/post"}],"author":[{"embeddable":true,"href":"https:\/\/www.caririemacao.com\/1\/wp-json\/wp\/v2\/users\/2"}],"replies":[{"embeddable":true,"href":"https:\/\/www.caririemacao.com\/1\/wp-json\/wp\/v2\/comments?post=48982"}],"version-history":[{"count":0,"href":"https:\/\/www.caririemacao.com\/1\/wp-json\/wp\/v2\/posts\/48982\/revisions"}],"wp:featuredmedia":[{"embeddable":true,"href":"https:\/\/www.caririemacao.com\/1\/wp-json\/wp\/v2\/media\/48983"}],"wp:attachment":[{"href":"https:\/\/www.caririemacao.com\/1\/wp-json\/wp\/v2\/media?parent=48982"}],"wp:term":[{"taxonomy":"category","embeddable":true,"href":"https:\/\/www.caririemacao.com\/1\/wp-json\/wp\/v2\/categories?post=48982"},{"taxonomy":"post_tag","embeddable":true,"href":"https:\/\/www.caririemacao.com\/1\/wp-json\/wp\/v2\/tags?post=48982"}],"curies":[{"name":"wp","href":"https:\/\/api.w.org\/{rel}","templated":true}]}}