{"id":48988,"date":"2018-04-25T20:03:16","date_gmt":"2018-04-25T23:03:16","guid":{"rendered":"http:\/\/caririemacao.com\/1\/?p=48988"},"modified":"2018-04-25T20:03:16","modified_gmt":"2018-04-25T23:03:16","slug":"definida-programacao-da-3a-edicao-da-festa-da-cabra-rainha-em-santo-andre","status":"publish","type":"post","link":"https:\/\/www.caririemacao.com\/1\/2018\/04\/25\/definida-programacao-da-3a-edicao-da-festa-da-cabra-rainha-em-santo-andre\/","title":{"rendered":"Definida programa\u00e7\u00e3o da 3\u00aa edi\u00e7\u00e3o da Festa da Cabra Rainha em Santo Andr\u00e9"},"content":{"rendered":"<p>Ap\u00f3s v\u00e1rios encontros, a equipe organizadora, da 3\u00aa edi\u00e7\u00e3o da Festa da Cabra Rainha, em Santo Andr\u00e9, divulgou a programa\u00e7\u00e3o oficial, que ser\u00e1 realizada em 2018.<\/p>\n<p>Os festejos v\u00e3o de 27 \u00e0 28 de abril, e contar\u00e3o com: paletras, ordenhas, exposi\u00e7\u00f5es, torneio leiteiro e muitas outras novidades, conforme os dias citados abaixo:<\/p>\n<p><strong>27\/04\u00a0<\/strong><\/p>\n<p><strong>08h00<\/strong><\/p>\n<p>Abertura Oficial e apresenta\u00e7\u00e3o nos estandes.<\/p>\n<p><strong>09h00<\/strong><\/p>\n<p>Palestra sobre o PRONAF (Agro amigo e Banco do Nordeste).<\/p>\n<p><strong>14h00<\/strong><\/p>\n<p>Recep\u00e7\u00e3o dos animais para a terceira edi\u00e7\u00e3o da festa da Cabra Rainha (torneio leiteiro).<\/p>\n<p><strong>17h00<\/strong><\/p>\n<p>Secagem de \u00faberes das cabras que ir\u00e3o participar\u00a0 do torneio leiteiro.<\/p>\n<p>&nbsp;<\/p>\n<p><strong>28\/04<\/strong><\/p>\n<p><strong>06h00<\/strong><\/p>\n<p>Primeira ordenha do concurso leiteiro.<\/p>\n<p><strong>08h00<\/strong><\/p>\n<p>Exposi\u00e7\u00e3o de caprinos e ovinos e apresenta\u00e7\u00e3o nos estandes.<\/p>\n<p><strong>09h00<\/strong><\/p>\n<p>Os avan\u00e7os e desafios da Caprinovinocultura (produ\u00e7\u00e3o de leite e mercado) com o palestrante Pedro Martins &#8211; Presidente da APACOO, com a colabora\u00e7\u00e3o da: EMATER, SEBRAE E SENAR).<\/p>\n<p><strong>10h00<\/strong><\/p>\n<p>Import\u00e2ncia do Manejo Sanit\u00e1rio na Caprinovinocultura &#8211; Palestrante Rodolfo Santino &#8211; SENAR.<\/p>\n<p><strong>11h00<\/strong><\/p>\n<p>Produ\u00e7\u00e3o de Pitaia &#8211; Palestrante Pedro Brito.<\/p>\n<p><strong>15h00<\/strong><\/p>\n<p>Forr\u00f3 da Cabra\u00a0 com Verusca Ramos e Joca de Oliveira.<\/p>\n<p><strong>17h00<\/strong><\/p>\n<p>Segunda ordenha do concurso leiteiro.<\/p>\n<p><strong>18h00<\/strong><\/p>\n<p>Entrega da premia\u00e7\u00e3o do concurso leiteiro.<\/p>\n<p>Esse ano, o evento ter\u00e1 uma estrutura diferenciada, que ir\u00e1 proporcionar uma maior comodidade aqueles que estiverem participando ou prestigiando, como tamb\u00e9m elevar\u00e1 a sua produtividade.<\/p>\n<p><a href=\"http:\/\/caririemacao.com\/1\/?attachment_id=48989\" rel=\"attachment wp-att-48989\"><img fetchpriority=\"high\" decoding=\"async\" class=\"aligncenter size-full wp-image-48989\" src=\"http:\/\/caririemacao.com\/1\/wp-content\/uploads\/2018\/04\/thumb-3.jpg\" alt=\"\" width=\"492\" height=\"310\" srcset=\"https:\/\/www.caririemacao.com\/1\/wp-content\/uploads\/2018\/04\/thumb-3.jpg 492w, https:\/\/www.caririemacao.com\/1\/wp-content\/uploads\/2018\/04\/thumb-3-300x189.jpg 300w\" sizes=\"(max-width: 492px) 100vw, 492px\" \/><\/a><\/p>\n<p><strong>CARIRI EM A\u00c7\u00c3O<\/strong><\/p>\n<p><em>Com Secom\/Foto: Reprodu\u00e7\u00e3o google<\/em><\/p>\n<p><strong>Leia mais not\u00edcias em\u00a0<\/strong><a href=\"http:\/\/www.caririemacao.com\/\"><strong>caririemacao.com<\/strong><\/a><strong>, siga nossa p\u00e1gina no\u00a0<\/strong><a href=\"https:\/\/www.facebook.com\/CaririEmAcao\/?ref=aymt_homepage_panel\"><strong>Facebook<\/strong><\/a>,<strong>\u00a0<\/strong><a href=\"https:\/\/www.instagram.com\/cariri_em_acao\/?hl=pt-br\"><strong>Instagram<\/strong><\/a><strong>\u00a0e\u00a0<\/strong><a href=\"https:\/\/www.youtube.com\/channel\/UCAptA0jQuYQy8vMhLt2m4qg\"><strong>Youtube<\/strong><\/a><strong>\u00a0e veja nossas mat\u00e9rias, v\u00eddeos e fotos. Voc\u00ea tamb\u00e9m pode enviar informa\u00e7\u00f5es \u00e0 Reda\u00e7\u00e3o do Portal Cariri em A\u00e7\u00e3o pelo WhatsApp (83) 9 9634.5791, (83) 9 9601-1162.<\/strong><\/p>\n","protected":false},"excerpt":{"rendered":"<p>Ap\u00f3s v\u00e1rios encontros, a equipe organizadora, da 3\u00aa edi\u00e7\u00e3o da Festa da Cabra Rainha, em Santo Andr\u00e9, divulgou a programa\u00e7\u00e3o oficial, que ser\u00e1 realizada em&hellip; <\/p>\n","protected":false},"author":2,"featured_media":21335,"comment_status":"closed","ping_status":"closed","sticky":false,"template":"","format":"standard","meta":{"sfsi_plus_gutenberg_text_before_share":"","sfsi_plus_gutenberg_show_text_before_share":"","sfsi_plus_gutenberg_icon_type":"","sfsi_plus_gutenberg_icon_alignemt":"","sfsi_plus_gutenburg_max_per_row":"","footnotes":""},"categories":[6],"tags":[],"class_list":["post-48988","post","type-post","status-publish","format-standard","has-post-thumbnail","hentry","category-cidades"],"_links":{"self":[{"href":"https:\/\/www.caririemacao.com\/1\/wp-json\/wp\/v2\/posts\/48988","targetHints":{"allow":["GET"]}}],"collection":[{"href":"https:\/\/www.caririemacao.com\/1\/wp-json\/wp\/v2\/posts"}],"about":[{"href":"https:\/\/www.caririemacao.com\/1\/wp-json\/wp\/v2\/types\/post"}],"author":[{"embeddable":true,"href":"https:\/\/www.caririemacao.com\/1\/wp-json\/wp\/v2\/users\/2"}],"replies":[{"embeddable":true,"href":"https:\/\/www.caririemacao.com\/1\/wp-json\/wp\/v2\/comments?post=48988"}],"version-history":[{"count":0,"href":"https:\/\/www.caririemacao.com\/1\/wp-json\/wp\/v2\/posts\/48988\/revisions"}],"wp:featuredmedia":[{"embeddable":true,"href":"https:\/\/www.caririemacao.com\/1\/wp-json\/wp\/v2\/media\/21335"}],"wp:attachment":[{"href":"https:\/\/www.caririemacao.com\/1\/wp-json\/wp\/v2\/media?parent=48988"}],"wp:term":[{"taxonomy":"category","embeddable":true,"href":"https:\/\/www.caririemacao.com\/1\/wp-json\/wp\/v2\/categories?post=48988"},{"taxonomy":"post_tag","embeddable":true,"href":"https:\/\/www.caririemacao.com\/1\/wp-json\/wp\/v2\/tags?post=48988"}],"curies":[{"name":"wp","href":"https:\/\/api.w.org\/{rel}","templated":true}]}}