{"id":48991,"date":"2018-04-25T20:09:17","date_gmt":"2018-04-25T23:09:17","guid":{"rendered":"http:\/\/caririemacao.com\/1\/?p=48991"},"modified":"2018-04-26T00:24:29","modified_gmt":"2018-04-26T03:24:29","slug":"prefeitura-de-gurjao-realizara-na-proxima-sexta-27-ii-seminario-de-educacao-inclusiva-e-formacao-de-professores-do-cariri-paraibano","status":"publish","type":"post","link":"https:\/\/www.caririemacao.com\/1\/2018\/04\/25\/prefeitura-de-gurjao-realizara-na-proxima-sexta-27-ii-seminario-de-educacao-inclusiva-e-formacao-de-professores-do-cariri-paraibano\/","title":{"rendered":"Prefeitura de Gurj\u00e3o realizar\u00e1 na pr\u00f3xima sexta (27) II Semin\u00e1rio de Educa\u00e7\u00e3o Inclusiva e Forma\u00e7\u00e3o de Professores do Cariri Paraibano"},"content":{"rendered":"<p>A Prefeitura de Gurj\u00e3o, juntamente com a AMCAP realizar\u00e1 na pr\u00f3xima sexta-feira 27\/04\/2018 o II Semin\u00e1rio de Educa\u00e7\u00e3o Inclusiva e Forma\u00e7\u00e3o de Professores do Cariri Paraibano, a Educa\u00e7\u00e3o segregada \u00e0 educa\u00e7\u00e3o inclusiva em uma breve reflex\u00e3o sobre os paradigmas educacionais no contexto da educa\u00e7\u00e3o especial brasileira, o contexto \u00e9 que se desc<span class=\"text_exposed_show\">ortina o novo campo de atua\u00e7\u00e3o da Educa\u00e7\u00e3o Especial. N\u00e3o visando importar m\u00e9todos e t\u00e9cnicas especializados para a classe regular, mas sim, tornando-se um sistema de suporte permanente e efetivo para os alunos especiais inclu\u00eddos, bem como para seus professores. Como mencionado, a Educa\u00e7\u00e3o Especial n\u00e3o \u00e9 mais concebida como um sistema educacional paralelo ou segregado, mas como um conjunto de recursos que a escola regular dever\u00e1 dispor para atender \u00e0 diversidade de seus alunos.<\/span><\/p>\n<div class=\"text_exposed_show\">\n<p>O evento iniciar\u00e1 as 08:00 na creche Maria Graciete Ramos , onde ser\u00e3o ministrados mini cursos ,palestras, oficinas , Coffee break e almo\u00e7o tudo ofertado gratuitamente , informa\u00e7\u00f5es por e-mails secadmgurjao@gmail.com ou myrnamcamaral@gmail ou pelos fones 98883-9129 e 99635-3942.<\/p>\n<p><a href=\"http:\/\/caririemacao.com\/1\/?attachment_id=48992\" rel=\"attachment wp-att-48992\"><img fetchpriority=\"high\" decoding=\"async\" class=\"aligncenter size-full wp-image-48992\" src=\"http:\/\/caririemacao.com\/1\/wp-content\/uploads\/2018\/04\/31363261_970623223096008_4169701608725137586_n.jpg\" alt=\"\" width=\"444\" height=\"400\" srcset=\"https:\/\/www.caririemacao.com\/1\/wp-content\/uploads\/2018\/04\/31363261_970623223096008_4169701608725137586_n.jpg 444w, https:\/\/www.caririemacao.com\/1\/wp-content\/uploads\/2018\/04\/31363261_970623223096008_4169701608725137586_n-300x270.jpg 300w\" sizes=\"(max-width: 444px) 100vw, 444px\" \/><\/a><a href=\"http:\/\/caririemacao.com\/1\/?attachment_id=48993\" rel=\"attachment wp-att-48993\"><img decoding=\"async\" class=\"aligncenter size-full wp-image-48993 lazyload\" data-src=\"http:\/\/caririemacao.com\/1\/wp-content\/uploads\/2018\/04\/31292675_970623246429339_7625817897287407579_n.jpg\" alt=\"\" width=\"960\" height=\"678\" data-srcset=\"https:\/\/www.caririemacao.com\/1\/wp-content\/uploads\/2018\/04\/31292675_970623246429339_7625817897287407579_n.jpg 960w, https:\/\/www.caririemacao.com\/1\/wp-content\/uploads\/2018\/04\/31292675_970623246429339_7625817897287407579_n-300x212.jpg 300w, https:\/\/www.caririemacao.com\/1\/wp-content\/uploads\/2018\/04\/31292675_970623246429339_7625817897287407579_n-768x542.jpg 768w\" data-sizes=\"(max-width: 960px) 100vw, 960px\" src=\"data:image\/svg+xml;base64,PHN2ZyB3aWR0aD0iMSIgaGVpZ2h0PSIxIiB4bWxucz0iaHR0cDovL3d3dy53My5vcmcvMjAwMC9zdmciPjwvc3ZnPg==\" style=\"--smush-placeholder-width: 960px; --smush-placeholder-aspect-ratio: 960\/678;\" \/><\/a><\/p>\n<p><strong>CARIRI EM A\u00c7\u00c3O<\/strong><\/p>\n<p><em>Com Ascom\/Foto: Edivan Oliveira<\/em><\/p>\n<p><strong>Leia mais not\u00edcias em\u00a0<\/strong><a href=\"http:\/\/www.caririemacao.com\/\"><strong>caririemacao.com<\/strong><\/a><strong>, siga nossa p\u00e1gina no\u00a0<\/strong><a href=\"https:\/\/www.facebook.com\/CaririEmAcao\/?ref=aymt_homepage_panel\"><strong>Facebook<\/strong><\/a>,<strong>\u00a0<\/strong><a href=\"https:\/\/www.instagram.com\/cariri_em_acao\/?hl=pt-br\"><strong>Instagram<\/strong><\/a><strong>\u00a0e\u00a0<\/strong><a href=\"https:\/\/www.youtube.com\/channel\/UCAptA0jQuYQy8vMhLt2m4qg\"><strong>Youtube<\/strong><\/a><strong>\u00a0e veja nossas mat\u00e9rias, v\u00eddeos e fotos. Voc\u00ea tamb\u00e9m pode enviar informa\u00e7\u00f5es \u00e0 Reda\u00e7\u00e3o do Portal Cariri em A\u00e7\u00e3o pelo WhatsApp (83) 9 9634.5791, (83) 9 9601-1162.<\/strong><\/p>\n<\/div>\n","protected":false},"excerpt":{"rendered":"<p>A Prefeitura de Gurj\u00e3o, juntamente com a AMCAP realizar\u00e1 na pr\u00f3xima sexta-feira 27\/04\/2018 o II Semin\u00e1rio de Educa\u00e7\u00e3o Inclusiva e Forma\u00e7\u00e3o de Professores do Cariri&hellip; <\/p>\n","protected":false},"author":2,"featured_media":49066,"comment_status":"closed","ping_status":"closed","sticky":false,"template":"","format":"standard","meta":{"sfsi_plus_gutenberg_text_before_share":"","sfsi_plus_gutenberg_show_text_before_share":"","sfsi_plus_gutenberg_icon_type":"","sfsi_plus_gutenberg_icon_alignemt":"","sfsi_plus_gutenburg_max_per_row":"","footnotes":""},"categories":[2],"tags":[],"class_list":["post-48991","post","type-post","status-publish","format-standard","has-post-thumbnail","hentry","category-geral"],"_links":{"self":[{"href":"https:\/\/www.caririemacao.com\/1\/wp-json\/wp\/v2\/posts\/48991","targetHints":{"allow":["GET"]}}],"collection":[{"href":"https:\/\/www.caririemacao.com\/1\/wp-json\/wp\/v2\/posts"}],"about":[{"href":"https:\/\/www.caririemacao.com\/1\/wp-json\/wp\/v2\/types\/post"}],"author":[{"embeddable":true,"href":"https:\/\/www.caririemacao.com\/1\/wp-json\/wp\/v2\/users\/2"}],"replies":[{"embeddable":true,"href":"https:\/\/www.caririemacao.com\/1\/wp-json\/wp\/v2\/comments?post=48991"}],"version-history":[{"count":0,"href":"https:\/\/www.caririemacao.com\/1\/wp-json\/wp\/v2\/posts\/48991\/revisions"}],"wp:featuredmedia":[{"embeddable":true,"href":"https:\/\/www.caririemacao.com\/1\/wp-json\/wp\/v2\/media\/49066"}],"wp:attachment":[{"href":"https:\/\/www.caririemacao.com\/1\/wp-json\/wp\/v2\/media?parent=48991"}],"wp:term":[{"taxonomy":"category","embeddable":true,"href":"https:\/\/www.caririemacao.com\/1\/wp-json\/wp\/v2\/categories?post=48991"},{"taxonomy":"post_tag","embeddable":true,"href":"https:\/\/www.caririemacao.com\/1\/wp-json\/wp\/v2\/tags?post=48991"}],"curies":[{"name":"wp","href":"https:\/\/api.w.org\/{rel}","templated":true}]}}