{"id":48998,"date":"2018-04-25T20:22:19","date_gmt":"2018-04-25T23:22:19","guid":{"rendered":"http:\/\/caririemacao.com\/1\/?p=48998"},"modified":"2018-04-25T20:22:19","modified_gmt":"2018-04-25T23:22:19","slug":"prefeito-e-vice-sao-cassados-duas-vezes-no-periodo-de-3-meses","status":"publish","type":"post","link":"https:\/\/www.caririemacao.com\/1\/2018\/04\/25\/prefeito-e-vice-sao-cassados-duas-vezes-no-periodo-de-3-meses\/","title":{"rendered":"Prefeito e vice s\u00e3o cassados duas vezes no per\u00edodo de 3 meses"},"content":{"rendered":"<p>O juiz da 30\u00aa Zona Eleitoral, Carlos Gustavo Guimar\u00e3es, cassou os mandatos do prefeito e vice do munic\u00edpio de Teixeira, no Sert\u00e3o da Para\u00edba, Edmilson Alves dos Reis (MDB), mais conhecido como \u201cNego de Guri\u201d, e Jos\u00e9 Amarildo Meira de Vasconcelos (PSB), respectivamente, por capta\u00e7\u00e3o il\u00edcita de votos, praticada no pleito municipal de 2016.\u00a0O magistrado tamb\u00e9m determinou a realiza\u00e7\u00e3o de novas elei\u00e7\u00f5es.<\/p>\n<p>Carlos Guimar\u00e3es julgou procedente uma A\u00e7\u00e3o de Investiga\u00e7\u00e3o Judicial Eleitoral (AIJE), apresentada pela coliga\u00e7\u00e3o advers\u00e1ria \u2018O Povo Pode Mais\u2019, encabe\u00e7ada por Wenceslau Sousa Marques (PDT). Foi a segunda cassa\u00e7\u00e3o dos gestores em tr\u00eas meses. Em janeiro deste ano, Edmilson e Amarildo Meira tiveram os diplomas cassados por abuso do poder pol\u00edtico, praticado nas elei\u00e7\u00f5es de 2016, pelo mesmo juiz.<\/p>\n<p>Na AIJE julgada agora, o prefeito foi acusado de capta\u00e7\u00e3o il\u00edcita de sufr\u00e1gio, atrav\u00e9s da distribui\u00e7\u00e3o de material de constru\u00e7\u00e3o, especialmente sacos de cimento, a eleitores em troca de votos. No dia 19\/09;2016, a coliga\u00e7\u00e3o advers\u00e1ria denunciou que o prefeito Edmilson Alves teria prometido dez sacos de cimento a um eleitor conhecido por \u201cPedro de Galega\u201d em troca de seus votos e de seus familiares, entregando-lhe uma nota de autoriza\u00e7\u00e3o para receber os mesmos em uma loja de material de constru\u00e7\u00e3o.<\/p>\n<p>Ouvido na Justi\u00e7a, o eleitor confirmou o recebimento do cimento. A funcion\u00e1ria do estabelecimento disse, em depoimento, que liberava os sacos de cimento por orienta\u00e7\u00e3o do prefeito Edmilson Alves. Na casa do eleito, foram apreendidos o material.<\/p>\n<h4>Recurso ao TRE<\/h4>\n<p>A defesa de Edmilson Alves negou a pr\u00e1tica de capta\u00e7\u00e3o il\u00edcita de votos e anunciou que vai recorrer da decis\u00e3o ao Tribunal Regional Eleitoral, a exemplo da primeira cassa\u00e7\u00e3o. Ele foi reeleito prefeito de Teixeira nas elei\u00e7\u00f5es de 2016 com 4.630 votos, o que corresponde a 51,27% do eleitorado. Edmilson\u00a0 venceu o candidato Wenceslau Souza Marques (PDT) com uma diferen\u00e7a de 229 votos.<\/p>\n<p><strong>CARIRI EM A\u00c7\u00c3O<\/strong><\/p>\n<p><em>Com Jornal da Para\u00edba\/Foto:\u00a0Jornal da Para\u00edba<\/em><\/p>\n<p><strong>Leia mais not\u00edcias em\u00a0<\/strong><a href=\"http:\/\/www.caririemacao.com\/\"><strong>caririemacao.com<\/strong><\/a><strong>, siga nossa p\u00e1gina no\u00a0<\/strong><a href=\"https:\/\/www.facebook.com\/CaririEmAcao\/?ref=aymt_homepage_panel\"><strong>Facebook<\/strong><\/a>,<strong>\u00a0<\/strong><a href=\"https:\/\/www.instagram.com\/cariri_em_acao\/?hl=pt-br\"><strong>Instagram<\/strong><\/a><strong>\u00a0e\u00a0<\/strong><a href=\"https:\/\/www.youtube.com\/channel\/UCAptA0jQuYQy8vMhLt2m4qg\"><strong>Youtube<\/strong><\/a><strong>\u00a0e veja nossas mat\u00e9rias, v\u00eddeos e fotos. Voc\u00ea tamb\u00e9m pode enviar informa\u00e7\u00f5es \u00e0 Reda\u00e7\u00e3o do Portal Cariri em A\u00e7\u00e3o pelo WhatsApp (83) 9 9634.5791, (83) 9 9601-1162.<\/strong><\/p>\n","protected":false},"excerpt":{"rendered":"<p>O juiz da 30\u00aa Zona Eleitoral, Carlos Gustavo Guimar\u00e3es, cassou os mandatos do prefeito e vice do munic\u00edpio de Teixeira, no Sert\u00e3o da Para\u00edba, Edmilson&hellip; <\/p>\n","protected":false},"author":2,"featured_media":48999,"comment_status":"closed","ping_status":"closed","sticky":false,"template":"","format":"standard","meta":{"sfsi_plus_gutenberg_text_before_share":"","sfsi_plus_gutenberg_show_text_before_share":"","sfsi_plus_gutenberg_icon_type":"","sfsi_plus_gutenberg_icon_alignemt":"","sfsi_plus_gutenburg_max_per_row":"","footnotes":""},"categories":[11],"tags":[],"class_list":["post-48998","post","type-post","status-publish","format-standard","has-post-thumbnail","hentry","category-politica"],"_links":{"self":[{"href":"https:\/\/www.caririemacao.com\/1\/wp-json\/wp\/v2\/posts\/48998","targetHints":{"allow":["GET"]}}],"collection":[{"href":"https:\/\/www.caririemacao.com\/1\/wp-json\/wp\/v2\/posts"}],"about":[{"href":"https:\/\/www.caririemacao.com\/1\/wp-json\/wp\/v2\/types\/post"}],"author":[{"embeddable":true,"href":"https:\/\/www.caririemacao.com\/1\/wp-json\/wp\/v2\/users\/2"}],"replies":[{"embeddable":true,"href":"https:\/\/www.caririemacao.com\/1\/wp-json\/wp\/v2\/comments?post=48998"}],"version-history":[{"count":0,"href":"https:\/\/www.caririemacao.com\/1\/wp-json\/wp\/v2\/posts\/48998\/revisions"}],"wp:featuredmedia":[{"embeddable":true,"href":"https:\/\/www.caririemacao.com\/1\/wp-json\/wp\/v2\/media\/48999"}],"wp:attachment":[{"href":"https:\/\/www.caririemacao.com\/1\/wp-json\/wp\/v2\/media?parent=48998"}],"wp:term":[{"taxonomy":"category","embeddable":true,"href":"https:\/\/www.caririemacao.com\/1\/wp-json\/wp\/v2\/categories?post=48998"},{"taxonomy":"post_tag","embeddable":true,"href":"https:\/\/www.caririemacao.com\/1\/wp-json\/wp\/v2\/tags?post=48998"}],"curies":[{"name":"wp","href":"https:\/\/api.w.org\/{rel}","templated":true}]}}