{"id":49006,"date":"2018-04-25T20:33:58","date_gmt":"2018-04-25T23:33:58","guid":{"rendered":"http:\/\/caririemacao.com\/1\/?p=49006"},"modified":"2018-04-25T20:33:58","modified_gmt":"2018-04-25T23:33:58","slug":"galdino-exalta-azevedo-e-alfineta-lucelio-candidato-por-genetica","status":"publish","type":"post","link":"https:\/\/www.caririemacao.com\/1\/2018\/04\/25\/galdino-exalta-azevedo-e-alfineta-lucelio-candidato-por-genetica\/","title":{"rendered":"Galdino exalta Azevedo e alfineta Luc\u00e9lio: \u201cCandidato por gen\u00e9tica\u201d"},"content":{"rendered":"<p>O deputado estadual Adriano Galdino elogiou, nesta quarta-feira (25), o conhecimento o pr\u00e9-candidato do PSB, Jo\u00e3o Azevedo. Segundo Galdino, Azevedo \u00e9 um grande t\u00e9cnico e j\u00e1 prestou relevantes servi\u00e7os \u00e0 Para\u00edba.<\/p>\n<p>\u201cAzevedo \u00e9 um grande t\u00e9cnico e Jo\u00e3o Pessoa e a Para\u00edba devem muito a ele. Deu a Ricardo as condi\u00e7\u00f5es de fazer a sua\u00a0 grande gest\u00e3o da Prefeitura de Jo\u00e3o Pessoa\u201d, disse.<\/p>\n<p>Ao elogiar Jo\u00e3o, Adriano ainda alfinetou a chapa das oposi\u00e7\u00f5es, salientando a gen\u00e9tica que liga alguns dos principais nomes envolvidos.<\/p>\n<p>\u201cJo\u00e3o conhece a Para\u00edba como ningu\u00e9m e por isso foi al\u00e7ado a condi\u00e7\u00e3o de pr\u00e9-candidato. J\u00e1 o cidad\u00e3o [Luc\u00e9lio Cartaxo] est\u00e1 entrando pela gen\u00e9tica, por ser irm\u00e3o de um prefeito, v\u00e3o colocar a vice por ser esposa de outro prefeito, e uma suplente de senado tamb\u00e9m por ser esposa de outro prefeito\u201d, destacou.<\/p>\n<p><strong>CARIRI EM A\u00c7\u00c3O<\/strong><\/p>\n<p><em>Com Wscom\/Foto: Reprodu\u00e7\u00e3o google<\/em><\/p>\n<p><strong>Leia mais not\u00edcias em\u00a0<\/strong><a href=\"http:\/\/www.caririemacao.com\/\"><strong>caririemacao.com<\/strong><\/a><strong>, siga nossa p\u00e1gina no\u00a0<\/strong><a href=\"https:\/\/www.facebook.com\/CaririEmAcao\/?ref=aymt_homepage_panel\"><strong>Facebook<\/strong><\/a>,<strong>\u00a0<\/strong><a href=\"https:\/\/www.instagram.com\/cariri_em_acao\/?hl=pt-br\"><strong>Instagram<\/strong><\/a><strong>\u00a0e\u00a0<\/strong><a href=\"https:\/\/www.youtube.com\/channel\/UCAptA0jQuYQy8vMhLt2m4qg\"><strong>Youtube<\/strong><\/a><strong>\u00a0e veja nossas mat\u00e9rias, v\u00eddeos e fotos. Voc\u00ea tamb\u00e9m pode enviar informa\u00e7\u00f5es \u00e0 Reda\u00e7\u00e3o do Portal Cariri em A\u00e7\u00e3o pelo WhatsApp (83) 9 9634.5791, (83) 9 9601-1162.<\/strong><\/p>\n","protected":false},"excerpt":{"rendered":"<p>O deputado estadual Adriano Galdino elogiou, nesta quarta-feira (25), o conhecimento o pr\u00e9-candidato do PSB, Jo\u00e3o Azevedo. Segundo Galdino, Azevedo \u00e9 um grande t\u00e9cnico e&hellip; <\/p>\n","protected":false},"author":2,"featured_media":30712,"comment_status":"closed","ping_status":"closed","sticky":false,"template":"","format":"standard","meta":{"sfsi_plus_gutenberg_text_before_share":"","sfsi_plus_gutenberg_show_text_before_share":"","sfsi_plus_gutenberg_icon_type":"","sfsi_plus_gutenberg_icon_alignemt":"","sfsi_plus_gutenburg_max_per_row":"","footnotes":""},"categories":[11],"tags":[],"class_list":["post-49006","post","type-post","status-publish","format-standard","has-post-thumbnail","hentry","category-politica"],"_links":{"self":[{"href":"https:\/\/www.caririemacao.com\/1\/wp-json\/wp\/v2\/posts\/49006","targetHints":{"allow":["GET"]}}],"collection":[{"href":"https:\/\/www.caririemacao.com\/1\/wp-json\/wp\/v2\/posts"}],"about":[{"href":"https:\/\/www.caririemacao.com\/1\/wp-json\/wp\/v2\/types\/post"}],"author":[{"embeddable":true,"href":"https:\/\/www.caririemacao.com\/1\/wp-json\/wp\/v2\/users\/2"}],"replies":[{"embeddable":true,"href":"https:\/\/www.caririemacao.com\/1\/wp-json\/wp\/v2\/comments?post=49006"}],"version-history":[{"count":0,"href":"https:\/\/www.caririemacao.com\/1\/wp-json\/wp\/v2\/posts\/49006\/revisions"}],"wp:featuredmedia":[{"embeddable":true,"href":"https:\/\/www.caririemacao.com\/1\/wp-json\/wp\/v2\/media\/30712"}],"wp:attachment":[{"href":"https:\/\/www.caririemacao.com\/1\/wp-json\/wp\/v2\/media?parent=49006"}],"wp:term":[{"taxonomy":"category","embeddable":true,"href":"https:\/\/www.caririemacao.com\/1\/wp-json\/wp\/v2\/categories?post=49006"},{"taxonomy":"post_tag","embeddable":true,"href":"https:\/\/www.caririemacao.com\/1\/wp-json\/wp\/v2\/tags?post=49006"}],"curies":[{"name":"wp","href":"https:\/\/api.w.org\/{rel}","templated":true}]}}