{"id":49008,"date":"2018-04-25T20:36:45","date_gmt":"2018-04-25T23:36:45","guid":{"rendered":"http:\/\/caririemacao.com\/1\/?p=49008"},"modified":"2018-04-25T20:36:45","modified_gmt":"2018-04-25T23:36:45","slug":"ccj-aprova-projeto-que-restringe-numero-de-carros-oficiais","status":"publish","type":"post","link":"https:\/\/www.caririemacao.com\/1\/2018\/04\/25\/ccj-aprova-projeto-que-restringe-numero-de-carros-oficiais\/","title":{"rendered":"CCJ aprova projeto que restringe n\u00famero de carros oficiais"},"content":{"rendered":"<p>A Comiss\u00e3o de Constitui\u00e7\u00e3o e Justi\u00e7a do Senado aprovou, na manh\u00e3 desta quarta-feira (25) o Projeto de Lei da C\u00e2mara (PLC) 97\/2017, do deputado Pedro Cunha Lima, que restringe o uso de carros oficiais. A relatoria do projeto coube a C\u00e1ssio, que defendeu:<\/p>\n<p>\u201cN\u00e3o se pode permitir a continuidade do uso abusivo dos carros de representa\u00e7\u00e3o, ainda mais quando vivemos quadra da vida nacional em que se requer e se imp\u00f5e o rigor fiscal e a economia dos gastos p\u00fablicos\u201d.<\/p>\n<p>Pela proposta, fica vedado o uso de autom\u00f3veis, por exemplo, por titulares de cargo ou mandato eletivo, magistrados federais, membros do Minist\u00e9rio P\u00fablico Federal, do Tribunal de Contas da Uni\u00e3o (TCU), da Advocacia da Uni\u00e3o e da Defensoria P\u00fablica da Uni\u00e3o.<\/p>\n<p>Assim, fica limitado o uso dos ve\u00edculos \u00e0 Presid\u00eancia e Vice-Presid\u00eancia da Rep\u00fablica, \u00e0 Presid\u00eancia do Senado e \u00e0 Presid\u00eancia da C\u00e2mara dos Deputados, \u00e0 Presid\u00eancia do Supremo Tribunal Federal, aos ministros de Estado, aos comandantes das for\u00e7as militares e ao chefe de Estado-Maior Conjunto das For\u00e7as Armadas.<\/p>\n<p>\u2013 O setor p\u00fablico deve dar exemplo num pa\u00eds onde quase tudo \u00e9 negado \u00e0 popula\u00e7\u00e3o. A limita\u00e7\u00e3o do uso dos carros oficiais ser\u00e1 uma medida moralizadora que vai ao encontro do anseio de uma popula\u00e7\u00e3o cansada de ver privil\u00e9gios e escassez de toda ordem \u2013 afirmou C\u00e1ssio antes da vota\u00e7\u00e3o do texto.<\/p>\n<p>Para o senador, foi dado importante passo para lipoaspirar as gorduras do Estado Brasileiro, \u201cque \u00e9 desigual, injusto e ineficaz\u201d. O projeto, agora, segue para vota\u00e7\u00e3o em plen\u00e1rio.<\/p>\n<p><strong>CARIRI EM A\u00c7\u00c3O<\/strong><\/p>\n<p><em>Com Wscom\/Foto: Reprodu\u00e7\u00e3o google<\/em><\/p>\n<p><strong>Leia mais not\u00edcias em\u00a0<\/strong><a href=\"http:\/\/www.caririemacao.com\/\"><strong>caririemacao.com<\/strong><\/a><strong>, siga nossa p\u00e1gina no\u00a0<\/strong><a href=\"https:\/\/www.facebook.com\/CaririEmAcao\/?ref=aymt_homepage_panel\"><strong>Facebook<\/strong><\/a>,<strong>\u00a0<\/strong><a href=\"https:\/\/www.instagram.com\/cariri_em_acao\/?hl=pt-br\"><strong>Instagram<\/strong><\/a><strong>\u00a0e\u00a0<\/strong><a href=\"https:\/\/www.youtube.com\/channel\/UCAptA0jQuYQy8vMhLt2m4qg\"><strong>Youtube<\/strong><\/a><strong>\u00a0e veja nossas mat\u00e9rias, v\u00eddeos e fotos. Voc\u00ea tamb\u00e9m pode enviar informa\u00e7\u00f5es \u00e0 Reda\u00e7\u00e3o do Portal Cariri em A\u00e7\u00e3o pelo WhatsApp (83) 9 9634.5791, (83) 9 9601-1162.<\/strong><\/p>\n","protected":false},"excerpt":{"rendered":"<p>A Comiss\u00e3o de Constitui\u00e7\u00e3o e Justi\u00e7a do Senado aprovou, na manh\u00e3 desta quarta-feira (25) o Projeto de Lei da C\u00e2mara (PLC) 97\/2017, do deputado Pedro&hellip; <\/p>\n","protected":false},"author":2,"featured_media":49009,"comment_status":"closed","ping_status":"closed","sticky":false,"template":"","format":"standard","meta":{"sfsi_plus_gutenberg_text_before_share":"","sfsi_plus_gutenberg_show_text_before_share":"","sfsi_plus_gutenberg_icon_type":"","sfsi_plus_gutenberg_icon_alignemt":"","sfsi_plus_gutenburg_max_per_row":"","footnotes":""},"categories":[11],"tags":[],"class_list":["post-49008","post","type-post","status-publish","format-standard","has-post-thumbnail","hentry","category-politica"],"_links":{"self":[{"href":"https:\/\/www.caririemacao.com\/1\/wp-json\/wp\/v2\/posts\/49008","targetHints":{"allow":["GET"]}}],"collection":[{"href":"https:\/\/www.caririemacao.com\/1\/wp-json\/wp\/v2\/posts"}],"about":[{"href":"https:\/\/www.caririemacao.com\/1\/wp-json\/wp\/v2\/types\/post"}],"author":[{"embeddable":true,"href":"https:\/\/www.caririemacao.com\/1\/wp-json\/wp\/v2\/users\/2"}],"replies":[{"embeddable":true,"href":"https:\/\/www.caririemacao.com\/1\/wp-json\/wp\/v2\/comments?post=49008"}],"version-history":[{"count":0,"href":"https:\/\/www.caririemacao.com\/1\/wp-json\/wp\/v2\/posts\/49008\/revisions"}],"wp:featuredmedia":[{"embeddable":true,"href":"https:\/\/www.caririemacao.com\/1\/wp-json\/wp\/v2\/media\/49009"}],"wp:attachment":[{"href":"https:\/\/www.caririemacao.com\/1\/wp-json\/wp\/v2\/media?parent=49008"}],"wp:term":[{"taxonomy":"category","embeddable":true,"href":"https:\/\/www.caririemacao.com\/1\/wp-json\/wp\/v2\/categories?post=49008"},{"taxonomy":"post_tag","embeddable":true,"href":"https:\/\/www.caririemacao.com\/1\/wp-json\/wp\/v2\/tags?post=49008"}],"curies":[{"name":"wp","href":"https:\/\/api.w.org\/{rel}","templated":true}]}}