{"id":49011,"date":"2018-04-25T20:40:47","date_gmt":"2018-04-25T23:40:47","guid":{"rendered":"http:\/\/caririemacao.com\/1\/?p=49011"},"modified":"2018-04-25T20:40:47","modified_gmt":"2018-04-25T23:40:47","slug":"revogada-lei-que-criava-guarda-pessoal-para-ex-governadores-da-paraiba","status":"publish","type":"post","link":"https:\/\/www.caririemacao.com\/1\/2018\/04\/25\/revogada-lei-que-criava-guarda-pessoal-para-ex-governadores-da-paraiba\/","title":{"rendered":"Revogada lei que criava guarda pessoal para ex-governadores da Para\u00edba"},"content":{"rendered":"<p>A Assembleia Legislativa aprovou, por unanimidade, projeto de autoria do l\u00edder do governo, Herv\u00e1zio Bezerra (PSB), que extingue a cria\u00e7\u00e3o da guarda pessoal para ex-governadores formada por policiais militares, a partir do primeiro dia seguinte \u00e0 conclus\u00e3o ou interrup\u00e7\u00e3o do mandato.<\/p>\n<p>Durante a sess\u00e3o, os deputados da oposi\u00e7\u00e3o se revezaram nas cr\u00edticas ao governador Ricardo Coutinho (PSB).<\/p>\n<p>O deputado estadual Raniery Paulino (MDB) disse que a base do governo cometeu uma \u201cgrande besteira no passado\u201d e classificou a medida de \u201cequivocada\u201d e \u201cpouco transparente\u201d.<\/p>\n<p>O deputado estadual Janduhy Carneiro (Patriota) disse que a revoga\u00e7\u00e3o foi uma medida acertada e lamentou a falta de seguran\u00e7a no estado.<\/p>\n<p>\u201cN\u00f3s passamos por dificuldades na \u00e1rea de seguran\u00e7a, o povo quer mais policiais nas ruas. Se o governador quiser seguran\u00e7a, coloque a m\u00e3o no bolso e pague seguran\u00e7a privada\u201d, disse.<\/p>\n<p>J\u00e1 o deputado Tovar Correia Lima (PSDB) afirmou que o projeto j\u00e1 nasceu com v\u00edcios de inconstitucionalidade, pois caberia ao governador pedir a extin\u00e7\u00e3o dos cargos.<\/p>\n<p>\u201cEstamos fazendo esse plen\u00e1rio de brincadeira. Se o governador cria cargos, \u00e9 ele quem tem que extinguir. Ele deveria reconhecer os erros. Foi feita uma brincadeira de mal gosto e hoje estamos a renovando\u201d, criticou.<\/p>\n<p>O deputado Herv\u00e1zio Bezerra reagiu e avisou que n\u00e3o daria palanque \u00e0 oposi\u00e7\u00e3o.<\/p>\n<p>\u201cNo dia 1\u00ba de janeiro de 2019, o governador deixa de ter seguran\u00e7a que \u00e9 para preservar uma autoridade que pelas obriga\u00e7\u00f5es que lhe s\u00e3o impostas contraria interesse e n\u00e3o vou dar palanque \u00e0 oposi\u00e7\u00e3o\u2019, finalizou.<\/p>\n<p><strong>CARIRI EM A\u00c7\u00c3O<\/strong><\/p>\n<p><em>Com Pb Hoje\/Foto: Reprodu\u00e7\u00e3o Internet\u00a0<\/em><\/p>\n<p><strong>Leia mais not\u00edcias em\u00a0<\/strong><a href=\"http:\/\/www.caririemacao.com\/\"><strong>caririemacao.com<\/strong><\/a><strong>, siga nossa p\u00e1gina no\u00a0<\/strong><a href=\"https:\/\/www.facebook.com\/CaririEmAcao\/?ref=aymt_homepage_panel\"><strong>Facebook<\/strong><\/a>,<strong>\u00a0<\/strong><a href=\"https:\/\/www.instagram.com\/cariri_em_acao\/?hl=pt-br\"><strong>Instagram<\/strong><\/a><strong>\u00a0e\u00a0<\/strong><a href=\"https:\/\/www.youtube.com\/channel\/UCAptA0jQuYQy8vMhLt2m4qg\"><strong>Youtube<\/strong><\/a><strong>\u00a0e veja nossas mat\u00e9rias, v\u00eddeos e fotos. Voc\u00ea tamb\u00e9m pode enviar informa\u00e7\u00f5es \u00e0 Reda\u00e7\u00e3o do Portal Cariri em A\u00e7\u00e3o pelo WhatsApp (83) 9 9634.5791, (83) 9 9601-1162.<\/strong><\/p>\n","protected":false},"excerpt":{"rendered":"<p>A Assembleia Legislativa aprovou, por unanimidade, projeto de autoria do l\u00edder do governo, Herv\u00e1zio Bezerra (PSB), que extingue a cria\u00e7\u00e3o da guarda pessoal para ex-governadores&hellip; <\/p>\n","protected":false},"author":2,"featured_media":49012,"comment_status":"closed","ping_status":"closed","sticky":false,"template":"","format":"standard","meta":{"sfsi_plus_gutenberg_text_before_share":"","sfsi_plus_gutenberg_show_text_before_share":"","sfsi_plus_gutenberg_icon_type":"","sfsi_plus_gutenberg_icon_alignemt":"","sfsi_plus_gutenburg_max_per_row":"","footnotes":""},"categories":[2],"tags":[],"class_list":["post-49011","post","type-post","status-publish","format-standard","has-post-thumbnail","hentry","category-geral"],"_links":{"self":[{"href":"https:\/\/www.caririemacao.com\/1\/wp-json\/wp\/v2\/posts\/49011","targetHints":{"allow":["GET"]}}],"collection":[{"href":"https:\/\/www.caririemacao.com\/1\/wp-json\/wp\/v2\/posts"}],"about":[{"href":"https:\/\/www.caririemacao.com\/1\/wp-json\/wp\/v2\/types\/post"}],"author":[{"embeddable":true,"href":"https:\/\/www.caririemacao.com\/1\/wp-json\/wp\/v2\/users\/2"}],"replies":[{"embeddable":true,"href":"https:\/\/www.caririemacao.com\/1\/wp-json\/wp\/v2\/comments?post=49011"}],"version-history":[{"count":0,"href":"https:\/\/www.caririemacao.com\/1\/wp-json\/wp\/v2\/posts\/49011\/revisions"}],"wp:featuredmedia":[{"embeddable":true,"href":"https:\/\/www.caririemacao.com\/1\/wp-json\/wp\/v2\/media\/49012"}],"wp:attachment":[{"href":"https:\/\/www.caririemacao.com\/1\/wp-json\/wp\/v2\/media?parent=49011"}],"wp:term":[{"taxonomy":"category","embeddable":true,"href":"https:\/\/www.caririemacao.com\/1\/wp-json\/wp\/v2\/categories?post=49011"},{"taxonomy":"post_tag","embeddable":true,"href":"https:\/\/www.caririemacao.com\/1\/wp-json\/wp\/v2\/tags?post=49011"}],"curies":[{"name":"wp","href":"https:\/\/api.w.org\/{rel}","templated":true}]}}