{"id":49014,"date":"2018-04-25T20:43:20","date_gmt":"2018-04-25T23:43:20","guid":{"rendered":"http:\/\/caririemacao.com\/1\/?p=49014"},"modified":"2018-04-25T20:43:20","modified_gmt":"2018-04-25T23:43:20","slug":"preso-suspeito-de-matar-primo-homossexual-com-golpe-de-facao-na-paraiba","status":"publish","type":"post","link":"https:\/\/www.caririemacao.com\/1\/2018\/04\/25\/preso-suspeito-de-matar-primo-homossexual-com-golpe-de-facao-na-paraiba\/","title":{"rendered":"Preso suspeito de matar primo homossexual com golpe de fac\u00e3o na Para\u00edba"},"content":{"rendered":"<p>Foi preso no final da tarde desta quarta-feira (25), Edinaldo Vicente de Sousa, 21 anos, suspeito de matar a golpes de fac\u00e3o o pr\u00f3prio primo, Manoel Louren\u00e7o da Silva, 27 anos. A v\u00edtima era homossexual e foi morta no domingo na cidade de Curral Velho.<span class=\"Apple-converted-space\">\u00a0<\/span><\/p>\n<p>O cumprimento do mandato de pris\u00e3o foi feito pela Pol\u00edcia Civil da 17\u00aa Delegacia Seccional de Itaporanga. Edinaldo estava escondido em uma resid\u00eancia no S\u00edtio Gon\u00e7alo, que fica nas proximidades da cidade, sa\u00edda para Diamante, no Sert\u00e3o. Ele n\u00e3o teria oferecido resist\u00eancia e foi conduzido para a Delegacia.<\/p>\n<p>Na delegacia, o acusado informou que agiu por legitima defesa e que antes do crime, havia se desentendido com a v\u00edtima.<\/p>\n<p>Os motivos do crime dever\u00e3o ser esclarecidos pelas autoridades competentes.<\/p>\n<p>Crime<span class=\"Apple-converted-space\">\u00a0<\/span><\/p>\n<p>Populares informaram que a v\u00edtima se dirigia para a sua resid\u00eancia, quando foi surpreendida pelo primo, que \u00e9 apelidado de \u201cBarrinha\u201d. O acusado teria desferido um golpe certeiro no abd\u00f4men de Manoel e em seguida, fugiu do local.<\/p>\n<p>A morte do jovem que era homossexual, e trabalhava como empregado dom\u00e9stico e vendedor aut\u00f4nomo, causou revolta na popula\u00e7\u00e3o de Curral Velho, onde ele era bem quisto por todos.<\/p>\n<p><strong>CARIRI EM A\u00c7\u00c3O<\/strong><\/p>\n<p><em>Com Pb Hoje\/Foto:\u00a0Pb Hoje<\/em><\/p>\n<p><strong>Leia mais not\u00edcias em\u00a0<\/strong><a href=\"http:\/\/www.caririemacao.com\/\"><strong>caririemacao.com<\/strong><\/a><strong>, siga nossa p\u00e1gina no\u00a0<\/strong><a href=\"https:\/\/www.facebook.com\/CaririEmAcao\/?ref=aymt_homepage_panel\"><strong>Facebook<\/strong><\/a>,<strong>\u00a0<\/strong><a href=\"https:\/\/www.instagram.com\/cariri_em_acao\/?hl=pt-br\"><strong>Instagram<\/strong><\/a><strong>\u00a0e\u00a0<\/strong><a href=\"https:\/\/www.youtube.com\/channel\/UCAptA0jQuYQy8vMhLt2m4qg\"><strong>Youtube<\/strong><\/a><strong>\u00a0e veja nossas mat\u00e9rias, v\u00eddeos e fotos. Voc\u00ea tamb\u00e9m pode enviar informa\u00e7\u00f5es \u00e0 Reda\u00e7\u00e3o do Portal Cariri em A\u00e7\u00e3o pelo WhatsApp (83) 9 9634.5791, (83) 9 9601-1162.<\/strong><\/p>\n","protected":false},"excerpt":{"rendered":"<p>Foi preso no final da tarde desta quarta-feira (25), Edinaldo Vicente de Sousa, 21 anos, suspeito de matar a golpes de fac\u00e3o o pr\u00f3prio primo,&hellip; <\/p>\n","protected":false},"author":2,"featured_media":49015,"comment_status":"closed","ping_status":"closed","sticky":false,"template":"","format":"standard","meta":{"sfsi_plus_gutenberg_text_before_share":"","sfsi_plus_gutenberg_show_text_before_share":"","sfsi_plus_gutenberg_icon_type":"","sfsi_plus_gutenberg_icon_alignemt":"","sfsi_plus_gutenburg_max_per_row":"","footnotes":""},"categories":[12],"tags":[],"class_list":["post-49014","post","type-post","status-publish","format-standard","has-post-thumbnail","hentry","category-policia"],"_links":{"self":[{"href":"https:\/\/www.caririemacao.com\/1\/wp-json\/wp\/v2\/posts\/49014","targetHints":{"allow":["GET"]}}],"collection":[{"href":"https:\/\/www.caririemacao.com\/1\/wp-json\/wp\/v2\/posts"}],"about":[{"href":"https:\/\/www.caririemacao.com\/1\/wp-json\/wp\/v2\/types\/post"}],"author":[{"embeddable":true,"href":"https:\/\/www.caririemacao.com\/1\/wp-json\/wp\/v2\/users\/2"}],"replies":[{"embeddable":true,"href":"https:\/\/www.caririemacao.com\/1\/wp-json\/wp\/v2\/comments?post=49014"}],"version-history":[{"count":0,"href":"https:\/\/www.caririemacao.com\/1\/wp-json\/wp\/v2\/posts\/49014\/revisions"}],"wp:featuredmedia":[{"embeddable":true,"href":"https:\/\/www.caririemacao.com\/1\/wp-json\/wp\/v2\/media\/49015"}],"wp:attachment":[{"href":"https:\/\/www.caririemacao.com\/1\/wp-json\/wp\/v2\/media?parent=49014"}],"wp:term":[{"taxonomy":"category","embeddable":true,"href":"https:\/\/www.caririemacao.com\/1\/wp-json\/wp\/v2\/categories?post=49014"},{"taxonomy":"post_tag","embeddable":true,"href":"https:\/\/www.caririemacao.com\/1\/wp-json\/wp\/v2\/tags?post=49014"}],"curies":[{"name":"wp","href":"https:\/\/api.w.org\/{rel}","templated":true}]}}