{"id":49019,"date":"2018-04-25T20:51:42","date_gmt":"2018-04-25T23:51:42","guid":{"rendered":"http:\/\/caririemacao.com\/1\/?p=49019"},"modified":"2018-04-25T20:51:42","modified_gmt":"2018-04-25T23:51:42","slug":"julgamento-virtual-que-pode-soltar-lula-sera-definido-ate-10-de-maio","status":"publish","type":"post","link":"https:\/\/www.caririemacao.com\/1\/2018\/04\/25\/julgamento-virtual-que-pode-soltar-lula-sera-definido-ate-10-de-maio\/","title":{"rendered":"\u2018Julgamento virtual\u2019 que pode soltar Lula ser\u00e1 definido at\u00e9 10 de maio"},"content":{"rendered":"<p>O julgamento virtual que vai analisar o recurso do ex-presidente\u00a0Luiz In\u00e1cio Lula da Silva\u00a0no\u00a0Supremo Tribunal Federal\u00a0(STF)\u00a0para deixar a pris\u00e3o ser\u00e1 iniciado em 4 de maio. Na a\u00e7\u00e3o, a defesa de Lula pretende derrubar a decis\u00e3o do juiz federal\u00a0Sergio Moro, que determinou a execu\u00e7\u00e3o provis\u00f3ria da pena de doze anos e um m\u00eas de pris\u00e3o na a\u00e7\u00e3o penal do\u00a0tr\u00edplex do Guaruj\u00e1 (SP). No in\u00edcio da semana, o relator do caso, ministro\u00a0Edson Fachin, determinou que o recurso seja julgado eletronicamente.<\/p>\n<p>A partir das 18 horas do dia 4 maio, ser\u00e1 aberto prazo de uma semana para que os ministros da Segunda Turma entrem no sistema para proferir os seus votos. Encerrado o prazo, \u00e0 meia-noite do dia 10 de maio, o resultado do julgamento ser\u00e1 publicado. Dessa forma, n\u00e3o haver\u00e1 reuni\u00e3o presencial para julgar o caso.<\/p>\n<p>Em geral, o julgamento virtual \u00e9 usado para decis\u00f5es que n\u00e3o t\u00eam grande repercuss\u00e3o e sobre as quais a jurisprud\u00eancia \u00e9 pac\u00edfica. No entanto, a medida de Fachin foi interpretada dentro do tribunal como uma forma de ganhar tempo. A maioria dos integrantes da Segunda Turma \u00e9 contra o entendimento que autoriza a pris\u00e3o ap\u00f3s a segunda inst\u00e2ncia.<\/p>\n<p>Com a exce\u00e7\u00e3o de Fachin, os ministros\u00a0Gilmar Mendes,\u00a0Celso de Mello,\u00a0Ricardo Lewandowski\u00a0e\u00a0Dias Toffoli\u00a0se manifestaram contra a medida em outros julgamentos sobre o mesmo tema, inclusive no habeas corpus em que a Corte negou pedido de Lula para n\u00e3o ser preso, no in\u00edcio do m\u00eas.<\/p>\n<p>Na reclama\u00e7\u00e3o, a defesa de Lula sustenta que Moro n\u00e3o poderia ter executado a pena porque n\u00e3o houve esgotamento dos recursos no\u00a0Tribunal Regional Federal da 4\u00aa Regi\u00e3o (TRF4), segunda inst\u00e2ncia da Justi\u00e7a Federal. Para os advogados, a decis\u00e3o do Supremo que autorizou as pris\u00f5es ap\u00f3s segunda inst\u00e2ncia, em 2016, deve ser aplicada somente ap\u00f3s o tr\u00e2nsito em julgado no TRF4. Os advogados tamb\u00e9m pedem que o ex-presidente possa aguardar em liberdade o fim de todos os recursos poss\u00edveis na Justi\u00e7a.<\/p>\n<p><strong>CARIRI EM A\u00c7\u00c3O<\/strong><\/p>\n<p><em>Com Veja\/Foto: Reprodu\u00e7\u00e3o Internet\u00a0<\/em><\/p>\n<p><strong>Leia mais not\u00edcias em\u00a0<\/strong><a href=\"http:\/\/www.caririemacao.com\/\"><strong>caririemacao.com<\/strong><\/a><strong>, siga nossa p\u00e1gina no\u00a0<\/strong><a href=\"https:\/\/www.facebook.com\/CaririEmAcao\/?ref=aymt_homepage_panel\"><strong>Facebook<\/strong><\/a>,<strong>\u00a0<\/strong><a href=\"https:\/\/www.instagram.com\/cariri_em_acao\/?hl=pt-br\"><strong>Instagram<\/strong><\/a><strong>\u00a0e\u00a0<\/strong><a href=\"https:\/\/www.youtube.com\/channel\/UCAptA0jQuYQy8vMhLt2m4qg\"><strong>Youtube<\/strong><\/a><strong>\u00a0e veja nossas mat\u00e9rias, v\u00eddeos e fotos. Voc\u00ea tamb\u00e9m pode enviar informa\u00e7\u00f5es \u00e0 Reda\u00e7\u00e3o do Portal Cariri em A\u00e7\u00e3o pelo WhatsApp (83) 9 9634.5791, (83) 9 9601-1162.<\/strong><\/p>\n","protected":false},"excerpt":{"rendered":"<p>O julgamento virtual que vai analisar o recurso do ex-presidente\u00a0Luiz In\u00e1cio Lula da Silva\u00a0no\u00a0Supremo Tribunal Federal\u00a0(STF)\u00a0para deixar a pris\u00e3o ser\u00e1 iniciado em 4 de maio.&hellip; <\/p>\n","protected":false},"author":2,"featured_media":46472,"comment_status":"closed","ping_status":"closed","sticky":false,"template":"","format":"standard","meta":{"sfsi_plus_gutenberg_text_before_share":"","sfsi_plus_gutenberg_show_text_before_share":"","sfsi_plus_gutenberg_icon_type":"","sfsi_plus_gutenberg_icon_alignemt":"","sfsi_plus_gutenburg_max_per_row":"","footnotes":""},"categories":[2],"tags":[],"class_list":["post-49019","post","type-post","status-publish","format-standard","has-post-thumbnail","hentry","category-geral"],"_links":{"self":[{"href":"https:\/\/www.caririemacao.com\/1\/wp-json\/wp\/v2\/posts\/49019","targetHints":{"allow":["GET"]}}],"collection":[{"href":"https:\/\/www.caririemacao.com\/1\/wp-json\/wp\/v2\/posts"}],"about":[{"href":"https:\/\/www.caririemacao.com\/1\/wp-json\/wp\/v2\/types\/post"}],"author":[{"embeddable":true,"href":"https:\/\/www.caririemacao.com\/1\/wp-json\/wp\/v2\/users\/2"}],"replies":[{"embeddable":true,"href":"https:\/\/www.caririemacao.com\/1\/wp-json\/wp\/v2\/comments?post=49019"}],"version-history":[{"count":0,"href":"https:\/\/www.caririemacao.com\/1\/wp-json\/wp\/v2\/posts\/49019\/revisions"}],"wp:featuredmedia":[{"embeddable":true,"href":"https:\/\/www.caririemacao.com\/1\/wp-json\/wp\/v2\/media\/46472"}],"wp:attachment":[{"href":"https:\/\/www.caririemacao.com\/1\/wp-json\/wp\/v2\/media?parent=49019"}],"wp:term":[{"taxonomy":"category","embeddable":true,"href":"https:\/\/www.caririemacao.com\/1\/wp-json\/wp\/v2\/categories?post=49019"},{"taxonomy":"post_tag","embeddable":true,"href":"https:\/\/www.caririemacao.com\/1\/wp-json\/wp\/v2\/tags?post=49019"}],"curies":[{"name":"wp","href":"https:\/\/api.w.org\/{rel}","templated":true}]}}