{"id":49031,"date":"2018-04-25T21:11:33","date_gmt":"2018-04-26T00:11:33","guid":{"rendered":"http:\/\/caririemacao.com\/1\/?p=49031"},"modified":"2018-04-25T21:11:33","modified_gmt":"2018-04-26T00:11:33","slug":"bebe-fica-ferida-apos-suposto-erro-medico-em-vacinacao","status":"publish","type":"post","link":"https:\/\/www.caririemacao.com\/1\/2018\/04\/25\/bebe-fica-ferida-apos-suposto-erro-medico-em-vacinacao\/","title":{"rendered":"Beb\u00ea fica ferida ap\u00f3s suposto erro m\u00e9dico em vacina\u00e7\u00e3o"},"content":{"rendered":"<p>Um poss\u00edvel erro m\u00e9dico na aplica\u00e7\u00e3o de uma vacina pode ter provocado um ferimento e agravado a sa\u00fade de uma crian\u00e7a de nove meses. Ela havia sido internada no Hospital Materno Infantil de Sousa e foi transferida para um hospital particular de Jo\u00e3o Pessoa. A Sa\u00fade do Estado vai analisar o caso e poder\u00e1 punir o funcion\u00e1rio.<\/p>\n<p>O caso veio \u00e0 tona quando o pai da crian\u00e7a publicou no Facebook sobre o problema e pediu provid\u00eancias ao hospital.\u00a0\u201cVou deixar aqui minha indigna\u00e7\u00e3o por parte do Materno Infantil de Sousa. Quero dizer a senhora diretora que saiba procurar bem seus profissionais, n\u00e3o me refiro a todos, mas tem sempre um irrespons\u00e1vel que \u00e9 capaz de aplicar uma inje\u00e7\u00e3o errada em uma beb\u00ea de apenas nove meses. Olha s\u00f3 o que voc\u00eas ocasionaram a minha filha\u201d, contou o pai.<\/p>\n<p>A assessoria de comunica\u00e7\u00e3o da Secretaria de Sa\u00fade do Estado informou que vai apurar a situa\u00e7\u00e3o junto aos profissionais que prestaram assist\u00eancia e as devidas medidas ser\u00e3o tomadas.<\/p>\n<p>Ainda no Facebook, o pai da menina afirmou que ela segue com bom estado de sa\u00fade e se recuperando no hospital da Capital.<\/p>\n<p><strong>CARIRI EM A\u00c7\u00c3O<\/strong><\/p>\n<p><em>Com Portal Correio\/Foto:\u00a0Portal Correio<\/em><\/p>\n<p><strong>Leia mais not\u00edcias em\u00a0<\/strong><a href=\"http:\/\/www.caririemacao.com\/\"><strong>caririemacao.com<\/strong><\/a><strong>, siga nossa p\u00e1gina no\u00a0<\/strong><a href=\"https:\/\/www.facebook.com\/CaririEmAcao\/?ref=aymt_homepage_panel\"><strong>Facebook<\/strong><\/a>,<strong>\u00a0<\/strong><a href=\"https:\/\/www.instagram.com\/cariri_em_acao\/?hl=pt-br\"><strong>Instagram<\/strong><\/a><strong>\u00a0e\u00a0<\/strong><a href=\"https:\/\/www.youtube.com\/channel\/UCAptA0jQuYQy8vMhLt2m4qg\"><strong>Youtube<\/strong><\/a><strong>\u00a0e veja nossas mat\u00e9rias, v\u00eddeos e fotos. Voc\u00ea tamb\u00e9m pode enviar informa\u00e7\u00f5es \u00e0 Reda\u00e7\u00e3o do Portal Cariri em A\u00e7\u00e3o pelo WhatsApp (83) 9 9634.5791, (83) 9 9601-1162.<\/strong><\/p>\n<div class=\"td-a-rec td-a-rec-id-content_bottom  td_uid_1_5ae0e8cfa4f7f_rand td_block_template_1\">\n<div id=\"div-gpt-ad-1510753744454-4\" data-google-query-id=\"CMeB8ofT1toCFQng4QodAcYFCA\"><\/div>\n<\/div>\n","protected":false},"excerpt":{"rendered":"<p>Um poss\u00edvel erro m\u00e9dico na aplica\u00e7\u00e3o de uma vacina pode ter provocado um ferimento e agravado a sa\u00fade de uma crian\u00e7a de nove meses. Ela&hellip; <\/p>\n","protected":false},"author":2,"featured_media":49032,"comment_status":"closed","ping_status":"closed","sticky":false,"template":"","format":"standard","meta":{"sfsi_plus_gutenberg_text_before_share":"","sfsi_plus_gutenberg_show_text_before_share":"","sfsi_plus_gutenberg_icon_type":"","sfsi_plus_gutenberg_icon_alignemt":"","sfsi_plus_gutenburg_max_per_row":"","footnotes":""},"categories":[2],"tags":[],"class_list":["post-49031","post","type-post","status-publish","format-standard","has-post-thumbnail","hentry","category-geral"],"_links":{"self":[{"href":"https:\/\/www.caririemacao.com\/1\/wp-json\/wp\/v2\/posts\/49031","targetHints":{"allow":["GET"]}}],"collection":[{"href":"https:\/\/www.caririemacao.com\/1\/wp-json\/wp\/v2\/posts"}],"about":[{"href":"https:\/\/www.caririemacao.com\/1\/wp-json\/wp\/v2\/types\/post"}],"author":[{"embeddable":true,"href":"https:\/\/www.caririemacao.com\/1\/wp-json\/wp\/v2\/users\/2"}],"replies":[{"embeddable":true,"href":"https:\/\/www.caririemacao.com\/1\/wp-json\/wp\/v2\/comments?post=49031"}],"version-history":[{"count":0,"href":"https:\/\/www.caririemacao.com\/1\/wp-json\/wp\/v2\/posts\/49031\/revisions"}],"wp:featuredmedia":[{"embeddable":true,"href":"https:\/\/www.caririemacao.com\/1\/wp-json\/wp\/v2\/media\/49032"}],"wp:attachment":[{"href":"https:\/\/www.caririemacao.com\/1\/wp-json\/wp\/v2\/media?parent=49031"}],"wp:term":[{"taxonomy":"category","embeddable":true,"href":"https:\/\/www.caririemacao.com\/1\/wp-json\/wp\/v2\/categories?post=49031"},{"taxonomy":"post_tag","embeddable":true,"href":"https:\/\/www.caririemacao.com\/1\/wp-json\/wp\/v2\/tags?post=49031"}],"curies":[{"name":"wp","href":"https:\/\/api.w.org\/{rel}","templated":true}]}}