{"id":49039,"date":"2018-04-25T21:24:56","date_gmt":"2018-04-26T00:24:56","guid":{"rendered":"http:\/\/caririemacao.com\/1\/?p=49039"},"modified":"2018-04-25T21:24:56","modified_gmt":"2018-04-26T00:24:56","slug":"policia-militar-prende-na-cidade-de-juazeirinho-homem-acusado-de-tentativa-de-homicidio","status":"publish","type":"post","link":"https:\/\/www.caririemacao.com\/1\/2018\/04\/25\/policia-militar-prende-na-cidade-de-juazeirinho-homem-acusado-de-tentativa-de-homicidio\/","title":{"rendered":"Pol\u00edcia Militar prende na cidade de Juazeirinho homem acusado de tentativa de homic\u00eddio"},"content":{"rendered":"<p>Na manh\u00e3 desta\u00a0quarta-feira (25), a Pol\u00edcia Militar\u00a0prendeu Anderson Jorge da Silva\u00a0conhecido pela alcunha de Ganso, 18 anos, acusado de uma tentativa de\u00a0homic\u00eddio ocorrida alguns meses atr\u00e1s\u00a0no bairro do Salgado, zona oeste da\u00a0cidade.<\/p>\n<p>A guarni\u00e7\u00e3o local, composta pelo cabo Borges e os soldados Lima e Ant\u00f4nio,\u00a0por volta das 10 horas foi informada\u00a0via linha direta de que um indiv\u00edduo\u00a0que tem um mandado de pris\u00e3o\u00a0preventiva, expedido pela Vara \u00danica de<br \/>\nJuazeirinho em seu desfavor estava\u00a0nas proximidades do f\u00f3rum local, no\u00a0centro da cidade.<\/p>\n<p>Ap\u00f3s informar ao Copom e sair em\u00a0dilig\u00eancia, os policiais abordaram o\u00a0acusado e constaram que realmente<br \/>\nhavia um mandado em aberto contra Ganso, que recebeu ordem de pris\u00e3o e foi conduzido \u00e0 Cadeia P\u00fablica local, onde est\u00e1 a\u00a0disposi\u00e7\u00e3o da Justi\u00e7a.<\/p>\n<p><strong>CARIRI EM A\u00c7\u00c3O<\/strong><\/p>\n<p><em>Com Vitrine do Cariri\/Foto:\u00a0Vitrine do Cariri<\/em><\/p>\n<p><strong>Leia mais not\u00edcias em\u00a0<\/strong><a href=\"http:\/\/www.caririemacao.com\/\"><strong>caririemacao.com<\/strong><\/a><strong>, siga nossa p\u00e1gina no\u00a0<\/strong><a href=\"https:\/\/www.facebook.com\/CaririEmAcao\/?ref=aymt_homepage_panel\"><strong>Facebook<\/strong><\/a>,<strong>\u00a0<\/strong><a href=\"https:\/\/www.instagram.com\/cariri_em_acao\/?hl=pt-br\"><strong>Instagram<\/strong><\/a><strong>\u00a0e\u00a0<\/strong><a href=\"https:\/\/www.youtube.com\/channel\/UCAptA0jQuYQy8vMhLt2m4qg\"><strong>Youtube<\/strong><\/a><strong>\u00a0e veja nossas mat\u00e9rias, v\u00eddeos e fotos. Voc\u00ea tamb\u00e9m pode enviar informa\u00e7\u00f5es \u00e0 Reda\u00e7\u00e3o do Portal Cariri em A\u00e7\u00e3o pelo WhatsApp (83) 9 9634.5791, (83) 9 9601-1162.<\/strong><\/p>\n","protected":false},"excerpt":{"rendered":"<p>Na manh\u00e3 desta\u00a0quarta-feira (25), a Pol\u00edcia Militar\u00a0prendeu Anderson Jorge da Silva\u00a0conhecido pela alcunha de Ganso, 18 anos, acusado de uma tentativa de\u00a0homic\u00eddio ocorrida alguns meses&hellip; <\/p>\n","protected":false},"author":2,"featured_media":49040,"comment_status":"closed","ping_status":"closed","sticky":false,"template":"","format":"standard","meta":{"sfsi_plus_gutenberg_text_before_share":"","sfsi_plus_gutenberg_show_text_before_share":"","sfsi_plus_gutenberg_icon_type":"","sfsi_plus_gutenberg_icon_alignemt":"","sfsi_plus_gutenburg_max_per_row":"","footnotes":""},"categories":[12],"tags":[],"class_list":["post-49039","post","type-post","status-publish","format-standard","has-post-thumbnail","hentry","category-policia"],"_links":{"self":[{"href":"https:\/\/www.caririemacao.com\/1\/wp-json\/wp\/v2\/posts\/49039","targetHints":{"allow":["GET"]}}],"collection":[{"href":"https:\/\/www.caririemacao.com\/1\/wp-json\/wp\/v2\/posts"}],"about":[{"href":"https:\/\/www.caririemacao.com\/1\/wp-json\/wp\/v2\/types\/post"}],"author":[{"embeddable":true,"href":"https:\/\/www.caririemacao.com\/1\/wp-json\/wp\/v2\/users\/2"}],"replies":[{"embeddable":true,"href":"https:\/\/www.caririemacao.com\/1\/wp-json\/wp\/v2\/comments?post=49039"}],"version-history":[{"count":0,"href":"https:\/\/www.caririemacao.com\/1\/wp-json\/wp\/v2\/posts\/49039\/revisions"}],"wp:featuredmedia":[{"embeddable":true,"href":"https:\/\/www.caririemacao.com\/1\/wp-json\/wp\/v2\/media\/49040"}],"wp:attachment":[{"href":"https:\/\/www.caririemacao.com\/1\/wp-json\/wp\/v2\/media?parent=49039"}],"wp:term":[{"taxonomy":"category","embeddable":true,"href":"https:\/\/www.caririemacao.com\/1\/wp-json\/wp\/v2\/categories?post=49039"},{"taxonomy":"post_tag","embeddable":true,"href":"https:\/\/www.caririemacao.com\/1\/wp-json\/wp\/v2\/tags?post=49039"}],"curies":[{"name":"wp","href":"https:\/\/api.w.org\/{rel}","templated":true}]}}