{"id":49042,"date":"2018-04-25T21:28:16","date_gmt":"2018-04-26T00:28:16","guid":{"rendered":"http:\/\/caririemacao.com\/1\/?p=49042"},"modified":"2018-04-25T21:28:16","modified_gmt":"2018-04-26T00:28:16","slug":"fechamento-dos-chuveiros-do-balneario-de-camalau-prejudica-pequenos-comerciantes","status":"publish","type":"post","link":"https:\/\/www.caririemacao.com\/1\/2018\/04\/25\/fechamento-dos-chuveiros-do-balneario-de-camalau-prejudica-pequenos-comerciantes\/","title":{"rendered":"Fechamento dos chuveiros do balne\u00e1rio de Camala\u00fa prejudica pequenos comerciantes"},"content":{"rendered":"<p>Os chuveiros do balne\u00e1rio n\u00e3o est\u00e3o sendo mais ligados nos finais de semana, prejudicando assim os comerciantes que ali possuem bares. Comerciantes que tiram desta atividade o seu sustento. Como a \u00e1gua n\u00e3o est\u00e3o sendo mais liberada, diminui drasticamente o fluxo de pessoas.<\/p>\n<p>Quem controla a \u00e1gua da barragem Z\u00e9 Tourinho (barragem p\u00fablica) \u00e9 o governo do estado atrav\u00e9s da AESA, que tem na chefia o ex deputado Jo\u00e3o Fernandes.<\/p>\n<p>Os chuveiros, assim como toda a \u00e1rea do balne\u00e1rio foi constru\u00edda e \u00e9 gerenciada pela prefeitura, mas o uso da \u00e1gua \u00e9 de controle da AESA.<\/p>\n<p>Com o advento da transposi\u00e7\u00e3o, o Rio Para\u00edba do Norte tornou-se perene. O Rio Para\u00edba do Norte des\u00e1gua dentro da barragem, e com o \u201crasgo\u201d que foi feito para que \u00e1gua chegasse de forma r\u00e1pida a Boqueir\u00e3o, o rio tamb\u00e9m tornou-se perene al\u00e9m da parede, passando praticamente dentro do balne\u00e1rio. A \u00e1gua que sai dos chuveiros, n\u00e3o se perdem mais, como acontecia outrora, pois a \u00e1gua cai dentro do rio.<\/p>\n<p>Os barraqueiros apelam para o governo do estado para que seja liberada a \u00e1gua, pois no entendimento dos barraqueiros n\u00e3o h\u00e1 desperd\u00edcio de \u00e1gua, o que est\u00e1 havendo \u00e9 a perda do grande n\u00famero de turistas que vem a Camala\u00fa nos finais de semana.<\/p>\n<p><strong>CARIRI EM A\u00c7\u00c3O<\/strong><\/p>\n<p><em>Com Camala\u00fa Noticias\/Foto:\u00a0Camala\u00fa Noticias<\/em><\/p>\n<p><strong>Leia mais not\u00edcias em\u00a0<\/strong><a href=\"http:\/\/www.caririemacao.com\/\"><strong>caririemacao.com<\/strong><\/a><strong>, siga nossa p\u00e1gina no\u00a0<\/strong><a href=\"https:\/\/www.facebook.com\/CaririEmAcao\/?ref=aymt_homepage_panel\"><strong>Facebook<\/strong><\/a>,<strong>\u00a0<\/strong><a href=\"https:\/\/www.instagram.com\/cariri_em_acao\/?hl=pt-br\"><strong>Instagram<\/strong><\/a><strong>\u00a0e\u00a0<\/strong><a href=\"https:\/\/www.youtube.com\/channel\/UCAptA0jQuYQy8vMhLt2m4qg\"><strong>Youtube<\/strong><\/a><strong>\u00a0e veja nossas mat\u00e9rias, v\u00eddeos e fotos. Voc\u00ea tamb\u00e9m pode enviar informa\u00e7\u00f5es \u00e0 Reda\u00e7\u00e3o do Portal Cariri em A\u00e7\u00e3o pelo WhatsApp (83) 9 9634.5791, (83) 9 9601-1162.<\/strong><\/p>\n","protected":false},"excerpt":{"rendered":"<p>Os chuveiros do balne\u00e1rio n\u00e3o est\u00e3o sendo mais ligados nos finais de semana, prejudicando assim os comerciantes que ali possuem bares. Comerciantes que tiram desta&hellip; <\/p>\n","protected":false},"author":2,"featured_media":49043,"comment_status":"closed","ping_status":"closed","sticky":false,"template":"","format":"standard","meta":{"sfsi_plus_gutenberg_text_before_share":"","sfsi_plus_gutenberg_show_text_before_share":"","sfsi_plus_gutenberg_icon_type":"","sfsi_plus_gutenberg_icon_alignemt":"","sfsi_plus_gutenburg_max_per_row":"","footnotes":""},"categories":[6],"tags":[],"class_list":["post-49042","post","type-post","status-publish","format-standard","has-post-thumbnail","hentry","category-cidades"],"_links":{"self":[{"href":"https:\/\/www.caririemacao.com\/1\/wp-json\/wp\/v2\/posts\/49042","targetHints":{"allow":["GET"]}}],"collection":[{"href":"https:\/\/www.caririemacao.com\/1\/wp-json\/wp\/v2\/posts"}],"about":[{"href":"https:\/\/www.caririemacao.com\/1\/wp-json\/wp\/v2\/types\/post"}],"author":[{"embeddable":true,"href":"https:\/\/www.caririemacao.com\/1\/wp-json\/wp\/v2\/users\/2"}],"replies":[{"embeddable":true,"href":"https:\/\/www.caririemacao.com\/1\/wp-json\/wp\/v2\/comments?post=49042"}],"version-history":[{"count":0,"href":"https:\/\/www.caririemacao.com\/1\/wp-json\/wp\/v2\/posts\/49042\/revisions"}],"wp:featuredmedia":[{"embeddable":true,"href":"https:\/\/www.caririemacao.com\/1\/wp-json\/wp\/v2\/media\/49043"}],"wp:attachment":[{"href":"https:\/\/www.caririemacao.com\/1\/wp-json\/wp\/v2\/media?parent=49042"}],"wp:term":[{"taxonomy":"category","embeddable":true,"href":"https:\/\/www.caririemacao.com\/1\/wp-json\/wp\/v2\/categories?post=49042"},{"taxonomy":"post_tag","embeddable":true,"href":"https:\/\/www.caririemacao.com\/1\/wp-json\/wp\/v2\/tags?post=49042"}],"curies":[{"name":"wp","href":"https:\/\/api.w.org\/{rel}","templated":true}]}}