{"id":49048,"date":"2018-04-25T21:36:41","date_gmt":"2018-04-26T00:36:41","guid":{"rendered":"http:\/\/caririemacao.com\/1\/?p=49048"},"modified":"2018-04-25T21:36:41","modified_gmt":"2018-04-26T00:36:41","slug":"palmeiras-pede-anulacao-da-final-do-campeonato-paulista-no-tribunal","status":"publish","type":"post","link":"https:\/\/www.caririemacao.com\/1\/2018\/04\/25\/palmeiras-pede-anulacao-da-final-do-campeonato-paulista-no-tribunal\/","title":{"rendered":"Palmeiras pede anula\u00e7\u00e3o da final do Campeonato Paulista no Tribunal"},"content":{"rendered":"<p>O Palmeiras apresentou ao TJD-SP nesta quarta-feira (25) o pedido de impugna\u00e7\u00e3o da\u00a0final do Campeonato Paulista, alegando que houve interfer\u00eancia externa na anula\u00e7\u00e3o do p\u00eanalti do corintiano Ralf sobre Dudu.<\/p>\n<p>O caso ser\u00e1 analisado pelo Pleno do TJD-SP e, se a solicita\u00e7\u00e3o for negada, ainda haver\u00e1 a possibilidade de recorrer ao STJD (Superior Tribunal de Justi\u00e7a Desportiva), no Rio de Janeiro, e em \u00faltima inst\u00e2ncia ao CAS (Corte Arbitral do Esporte), na Su\u00ed\u00e7a. O Palmeiras promete ir at\u00e9 o fim.<\/p>\n<p>O Verd\u00e3o tem como principal trunfo o material da Kroll, empresa especializada em investiga\u00e7\u00e3o que o clube contratou.<\/p>\n<p>O relat\u00f3rio da Kroll apresenta imagens de Marcio Verri Brand\u00e3o, membro da comiss\u00e3o de arbitragem da FPF (Federa\u00e7\u00e3o Paulista de Futebol), usando celular \u00e0 beira do campo e em dois outros momentos diferentes no jogo. A pr\u00e1tica \u00e9 irregular.<\/p>\n<p>Antes disso, o clube j\u00e1 havia mostrado imagens em que Dion\u00edsio Roberto Domingos, diretor de arbitragem da FPF, aparece \u00e0 beira do gramado durante a confus\u00e3o que antecedeu a anula\u00e7\u00e3o do p\u00eanalti.<\/p>\n<div id=\"inner-ad-container\" class=\"open full-width\"><\/div>\n<p>A pedido do clube, o TJD-SP instaurou um inqu\u00e9rito para investigar o caso. O \u00f3rg\u00e3o ouviu todos os membros da equipe de arbitragem daquela partida e recebeu as imagens colhidas pelo Palmeiras.<\/p>\n<p>Na \u00faltima segunda-feira, o auditor Marcelo Monteiro anunciou que o caso seria arquivado. Mas o Palmeiras, como parte do processo, est\u00e1 exercendo o direito de solicitar por sua conta a impugna\u00e7\u00e3o da partida.<\/p>\n<p><strong>CARIRI EM A\u00c7\u00c3O<\/strong><\/p>\n<p><em>Com R7\/Foto: R7<\/em><\/p>\n<p><strong>Leia mais not\u00edcias em\u00a0<\/strong><a href=\"http:\/\/www.caririemacao.com\/\"><strong>caririemacao.com<\/strong><\/a><strong>, siga nossa p\u00e1gina no\u00a0<\/strong><a href=\"https:\/\/www.facebook.com\/CaririEmAcao\/?ref=aymt_homepage_panel\"><strong>Facebook<\/strong><\/a>,<strong>\u00a0<\/strong><a href=\"https:\/\/www.instagram.com\/cariri_em_acao\/?hl=pt-br\"><strong>Instagram<\/strong><\/a><strong>\u00a0e\u00a0<\/strong><a href=\"https:\/\/www.youtube.com\/channel\/UCAptA0jQuYQy8vMhLt2m4qg\"><strong>Youtube<\/strong><\/a><strong>\u00a0e veja nossas mat\u00e9rias, v\u00eddeos e fotos. Voc\u00ea tamb\u00e9m pode enviar informa\u00e7\u00f5es \u00e0 Reda\u00e7\u00e3o do Portal Cariri em A\u00e7\u00e3o pelo WhatsApp (83) 9 9634.5791, (83) 9 9601-1162.<\/strong><\/p>\n","protected":false},"excerpt":{"rendered":"<p>O Palmeiras apresentou ao TJD-SP nesta quarta-feira (25) o pedido de impugna\u00e7\u00e3o da\u00a0final do Campeonato Paulista, alegando que houve interfer\u00eancia externa na anula\u00e7\u00e3o do p\u00eanalti&hellip; <\/p>\n","protected":false},"author":2,"featured_media":49049,"comment_status":"closed","ping_status":"closed","sticky":false,"template":"","format":"standard","meta":{"sfsi_plus_gutenberg_text_before_share":"","sfsi_plus_gutenberg_show_text_before_share":"","sfsi_plus_gutenberg_icon_type":"","sfsi_plus_gutenberg_icon_alignemt":"","sfsi_plus_gutenburg_max_per_row":"","footnotes":""},"categories":[13],"tags":[],"class_list":["post-49048","post","type-post","status-publish","format-standard","has-post-thumbnail","hentry","category-esportes"],"_links":{"self":[{"href":"https:\/\/www.caririemacao.com\/1\/wp-json\/wp\/v2\/posts\/49048","targetHints":{"allow":["GET"]}}],"collection":[{"href":"https:\/\/www.caririemacao.com\/1\/wp-json\/wp\/v2\/posts"}],"about":[{"href":"https:\/\/www.caririemacao.com\/1\/wp-json\/wp\/v2\/types\/post"}],"author":[{"embeddable":true,"href":"https:\/\/www.caririemacao.com\/1\/wp-json\/wp\/v2\/users\/2"}],"replies":[{"embeddable":true,"href":"https:\/\/www.caririemacao.com\/1\/wp-json\/wp\/v2\/comments?post=49048"}],"version-history":[{"count":0,"href":"https:\/\/www.caririemacao.com\/1\/wp-json\/wp\/v2\/posts\/49048\/revisions"}],"wp:featuredmedia":[{"embeddable":true,"href":"https:\/\/www.caririemacao.com\/1\/wp-json\/wp\/v2\/media\/49049"}],"wp:attachment":[{"href":"https:\/\/www.caririemacao.com\/1\/wp-json\/wp\/v2\/media?parent=49048"}],"wp:term":[{"taxonomy":"category","embeddable":true,"href":"https:\/\/www.caririemacao.com\/1\/wp-json\/wp\/v2\/categories?post=49048"},{"taxonomy":"post_tag","embeddable":true,"href":"https:\/\/www.caririemacao.com\/1\/wp-json\/wp\/v2\/tags?post=49048"}],"curies":[{"name":"wp","href":"https:\/\/api.w.org\/{rel}","templated":true}]}}