{"id":49071,"date":"2018-04-26T08:13:37","date_gmt":"2018-04-26T11:13:37","guid":{"rendered":"http:\/\/caririemacao.com\/1\/?p=49071"},"modified":"2018-04-26T08:13:37","modified_gmt":"2018-04-26T11:13:37","slug":"dem-questiona-tse-se-maia-pode-assumir-planalto-na-ausencia-de-temer","status":"publish","type":"post","link":"https:\/\/www.caririemacao.com\/1\/2018\/04\/26\/dem-questiona-tse-se-maia-pode-assumir-planalto-na-ausencia-de-temer\/","title":{"rendered":"DEM questiona TSE se Maia pode assumir Planalto na aus\u00eancia de Temer"},"content":{"rendered":"<p><span class=\"news_capital_letter\">O\u00a0<\/span>DEM apresentou nessa quarta-feira (25) uma consulta ao TSE (Tribunal Superior Eleitoral) para saber se o presidente da C\u00e2mara, Rodrigo Maia (DEM-RJ), pode assumir o Pal\u00e1cio do Planalto quando o atual titular da Presid\u00eancia da Rep\u00fablica, Michel Temer, deixar o pa\u00eds ou se \u00e9 preciso que ele tamb\u00e9m se ausente do Brasil.<\/p>\n<p>Como Temer n\u00e3o tem vice, Maia \u00e9 o primeiro na linha sucess\u00f3ria. No entanto, a lei eleitoral determina que quem assume a Presid\u00eancia da Rep\u00fablica seis meses antes das elei\u00e7\u00f5es se torna automaticamente ineleg\u00edvel.<\/p>\n<p>No dia 13, Temer foi ao Peru participar da C\u00fapula das Am\u00e9ricas e quem assumiu o Planalto foi a presidente do STF (Supremo Tribunal Federal), ministra C\u00e1rmen L\u00facia, para evitar que Maia e o presidente do Senado, Eun\u00edcio Oliveira (MDB-CE), o pr\u00f3ximo na linha sucess\u00f3ria, se tornem ineleg\u00edveis neste ano.<\/p>\n<p>Maia \u00e9 pr\u00e9-candidato \u00e0 sucess\u00e3o presidencial pelo DEM e Eun\u00edcio disputar\u00e1 a reelei\u00e7\u00e3o como senador pelo Cear\u00e1.<\/p>\n<p>Para n\u00e3o assumirem o Executivo naquela oportunidade, eles resolveram tamb\u00e9m se ausentar do pa\u00eds. Eun\u00edcio viajou ao Jap\u00e3o e Maia foi ao Panam\u00e1.<\/p>\n<p>Entre os dias 7 e 14 de maio, Temer deve fazer uma nova viagem internacional, desta vez, ao sudeste asi\u00e1tico &#8211; Cingapura, Bangcoc, Jacarta e Han\u00f3i.<\/p>\n<p>Para evitar ter que deixar o pa\u00eds novamente, Maia, que est\u00e1 aproveitando para rodar o pa\u00eds em campanha \u00e0s quintas e sextas-feiras, pediu a consulta para que a Justi\u00e7a Eleitoral esclare\u00e7a o que \u00e9 permitido.<\/p>\n<p>Na consulta, que ser\u00e1 relatada no TSE pelo ministro Lu\u00eds Roberto Barroso, o DEM pergunta se &#8220;a mera substitui\u00e7\u00e3o tempor\u00e1ria do chefe do Poder Executivo, ocorrida nos \u00faltimos seis meses do mandato, gera a inelegibilidade da autoridade chamada ao exerc\u00edcio interino da Chefia de Governo&#8221;.<\/p>\n<p>O partido questiona tamb\u00e9m se, caso a substitui\u00e7\u00e3o gere inelegibilidade, a autoridade chamada temporariamente ao exerc\u00edcio da Presid\u00eancia pode simplesmente recusar a convoca\u00e7\u00e3o.<\/p>\n<p>A decis\u00e3o \u00e9 tomada pelo plen\u00e1rio do TSE.<\/p>\n<p>Em 2014, quando a ent\u00e3o presidente Dilma Rousseff e o vice-presidente Michel Temer viajaram ao exterior, os presidentes da C\u00e2mara, Henrique Eduardo Alves, e do Senado, Renan Calheiros, pediram licen\u00e7a do cargo para n\u00e3o assumir a Presid\u00eancia da Rep\u00fablica.<\/p>\n<p>O primeiro era candidato \u00e0 reelei\u00e7\u00e3o e o segundo tinha o filho disputando ao cargo de governador de Alagoas.<\/p>\n<p>De acordo com o Artigo 14 da Constitui\u00e7\u00e3o Federal, parentes de at\u00e9 segundo grau do presidente da Rep\u00fablica, governador de estado ou prefeito s\u00e3o ineleg\u00edveis no territ\u00f3rio de jurisdi\u00e7\u00e3o do titular, no per\u00edodo de at\u00e9 seis meses antes das elei\u00e7\u00f5es.<\/p>\n<p>Como a Presid\u00eancia da Rep\u00fablica tem todo o territ\u00f3rio nacional como jurisdi\u00e7\u00e3o, candidatos a governador, seus c\u00f4njuges ou consangu\u00edneos n\u00e3o podem assumir o cargo.<\/p>\n<p>Caso Maia e Eun\u00edcio entendam que, novamente, precisam deixar o pa\u00eds, ser\u00e1 mais uma semana sem vota\u00e7\u00f5es no Legislativo.<\/p>\n<p>Na pr\u00f3xima semana, a expectativa \u00e9 que os parlamentares n\u00e3o apare\u00e7am no Congresso. \u00c9 feriado do Dia do Trabalhador na ter\u00e7a-feira (1\u00ba) e deputados e senadores devem enforcar a quarta-feira (2). \u00c0s quintas e sextas n\u00e3o costumam realizar vota\u00e7\u00f5es.<\/p>\n<p><strong>CARIRI EM A\u00c7\u00c3O<\/strong><\/p>\n<p><em>Com Folhapress\/Foto: Reprodu\u00e7\u00e3o google<\/em><\/p>\n<p><strong>Leia mais not\u00edcias em\u00a0<\/strong><a href=\"http:\/\/www.caririemacao.com\/\"><strong>caririemacao.com<\/strong><\/a><strong>, siga nossa p\u00e1gina no\u00a0<\/strong><a href=\"https:\/\/www.facebook.com\/CaririEmAcao\/?ref=aymt_homepage_panel\"><strong>Facebook<\/strong><\/a>,<strong>\u00a0<\/strong><a href=\"https:\/\/www.instagram.com\/cariri_em_acao\/?hl=pt-br\"><strong>Instagram<\/strong><\/a><strong>\u00a0e\u00a0<\/strong><a href=\"https:\/\/www.youtube.com\/channel\/UCAptA0jQuYQy8vMhLt2m4qg\"><strong>Youtube<\/strong><\/a><strong>\u00a0e veja nossas mat\u00e9rias, v\u00eddeos e fotos. Voc\u00ea tamb\u00e9m pode enviar informa\u00e7\u00f5es \u00e0 Reda\u00e7\u00e3o do Portal Cariri em A\u00e7\u00e3o pelo WhatsApp (83) 9 9634.5791, (83) 9 9601-1162.<\/strong><\/p>\n","protected":false},"excerpt":{"rendered":"<p>O\u00a0DEM apresentou nessa quarta-feira (25) uma consulta ao TSE (Tribunal Superior Eleitoral) para saber se o presidente da C\u00e2mara, Rodrigo Maia (DEM-RJ), pode assumir o&hellip; <\/p>\n","protected":false},"author":2,"featured_media":49072,"comment_status":"closed","ping_status":"closed","sticky":false,"template":"","format":"standard","meta":{"sfsi_plus_gutenberg_text_before_share":"","sfsi_plus_gutenberg_show_text_before_share":"","sfsi_plus_gutenberg_icon_type":"","sfsi_plus_gutenberg_icon_alignemt":"","sfsi_plus_gutenburg_max_per_row":"","footnotes":""},"categories":[11],"tags":[],"class_list":["post-49071","post","type-post","status-publish","format-standard","has-post-thumbnail","hentry","category-politica"],"_links":{"self":[{"href":"https:\/\/www.caririemacao.com\/1\/wp-json\/wp\/v2\/posts\/49071","targetHints":{"allow":["GET"]}}],"collection":[{"href":"https:\/\/www.caririemacao.com\/1\/wp-json\/wp\/v2\/posts"}],"about":[{"href":"https:\/\/www.caririemacao.com\/1\/wp-json\/wp\/v2\/types\/post"}],"author":[{"embeddable":true,"href":"https:\/\/www.caririemacao.com\/1\/wp-json\/wp\/v2\/users\/2"}],"replies":[{"embeddable":true,"href":"https:\/\/www.caririemacao.com\/1\/wp-json\/wp\/v2\/comments?post=49071"}],"version-history":[{"count":0,"href":"https:\/\/www.caririemacao.com\/1\/wp-json\/wp\/v2\/posts\/49071\/revisions"}],"wp:featuredmedia":[{"embeddable":true,"href":"https:\/\/www.caririemacao.com\/1\/wp-json\/wp\/v2\/media\/49072"}],"wp:attachment":[{"href":"https:\/\/www.caririemacao.com\/1\/wp-json\/wp\/v2\/media?parent=49071"}],"wp:term":[{"taxonomy":"category","embeddable":true,"href":"https:\/\/www.caririemacao.com\/1\/wp-json\/wp\/v2\/categories?post=49071"},{"taxonomy":"post_tag","embeddable":true,"href":"https:\/\/www.caririemacao.com\/1\/wp-json\/wp\/v2\/tags?post=49071"}],"curies":[{"name":"wp","href":"https:\/\/api.w.org\/{rel}","templated":true}]}}