{"id":49074,"date":"2018-04-26T08:16:55","date_gmt":"2018-04-26T11:16:55","guid":{"rendered":"http:\/\/caririemacao.com\/1\/?p=49074"},"modified":"2018-04-26T08:16:55","modified_gmt":"2018-04-26T11:16:55","slug":"maia-ameaca-cortar-salario-de-deputados-parados-desde-a-prisao-de-lula","status":"publish","type":"post","link":"https:\/\/www.caririemacao.com\/1\/2018\/04\/26\/maia-ameaca-cortar-salario-de-deputados-parados-desde-a-prisao-de-lula\/","title":{"rendered":"Maia amea\u00e7a cortar sal\u00e1rio de deputados parados desde a pris\u00e3o de Lula"},"content":{"rendered":"<p>Sem conseguir votar mat\u00e9rias importantes para o governo, o presidente da C\u00e2mara, Rodrigo Maia (DEM-RJ), amea\u00e7ou descontar o sal\u00e1rio dos deputados da oposi\u00e7\u00e3o que est\u00e3o em obstru\u00e7\u00e3o e tentam impedir o andamento dos trabalhos na Casa desde a pris\u00e3o do ex-presidente Luiz In\u00e1cio Lula da Silva, no dia 7.<\/p>\n<p>Maia abriu a sess\u00e3o da C\u00e2mara na noite desta quarta-feira, 25, anunciando que todas as vota\u00e7\u00f5es ter\u00e3o efeito administrativo e que poder\u00e1 rever sua decis\u00e3o sobre a validade da presen\u00e7a no plen\u00e1rio dos deputados de partidos que est\u00e3o em obstru\u00e7\u00e3o.<\/p>\n<p>&#8220;Eu sou muito da concilia\u00e7\u00e3o e do di\u00e1logo, mas se a oposi\u00e7\u00e3o tem o direito de obstruir, vou reavaliar a quest\u00e3o de ordem sobre a presen\u00e7a no plen\u00e1rio&#8221;, disse Maia.<\/p>\n<p>O presidente da C\u00e2mara tamb\u00e9m afirmou que a decis\u00e3o da oposi\u00e7\u00e3o est\u00e1 impedindo a Casa de &#8220;cumprir o seu papel constitucional de legislar&#8221;. &#8220;A minha flexibilidade tem limite, e o limite \u00e9 o respeito a essa institui\u00e7\u00e3o&#8221;, disse.<\/p>\n<p>A posi\u00e7\u00e3o de Maia causou rea\u00e7\u00e3o no plen\u00e1rio. O deputado Silvio Costa (Avante-PE) afirmou que a oposi\u00e7\u00e3o vai ficar em obstru\u00e7\u00e3o at\u00e9 Lula ser solto.<\/p>\n<p>A deputada petista \u00c9rica Kokay (DF) tamb\u00e9m criticou a postura do presidente da C\u00e2mara. &#8220;N\u00f3s n\u00e3o cedemos \u00e0 chantagem, quem faz chantagem d\u00e1 uma demonstra\u00e7\u00e3o de profunda fraqueza, porque n\u00e3o consegue conduzir um governo que est\u00e1 aos frangalhos.&#8221;<\/p>\n<p>O argumento dos deputados em obstru\u00e7\u00e3o, liderados pelo PT, \u00e9 que o Pa\u00eds passa por uma crise pol\u00edtica e institucional desde a pris\u00e3o do ex-presidente, e a pauta do Congresso n\u00e3o pode seguir normalmente, como se nada estivesse acontecendo.<\/p>\n<p>A obstru\u00e7\u00e3o \u00e9 um recurso previsto no regimento da C\u00e2mara utilizado por parlamentares em determinadas ocasi\u00f5es para impedir o prosseguimento dos trabalhos. O l\u00edder anuncia que o partido vai adotar a medida, o que faz com que a presen\u00e7a dos deputados da bancada deixe de ser computada, o que dificulta o alcance do qu\u00f3rum para as vota\u00e7\u00f5es.<\/p>\n<p>Apesar das dificuldades, o objetivo de Maia \u00e9 votar ainda nesta quarta-feira algumas medidas provis\u00f3rias enviadas pelo governo e o projeto que altera o cadastro positivo, considerado uma das principais bandeiras do Banco Central na \u00e1rea de cr\u00e9dito.<\/p>\n<p><strong>CARIRI EM A\u00c7\u00c3O<\/strong><\/p>\n<p><em>Com Politica ao Minuto\/Foto:\u00a0Marcos Corr\u00eaa<\/em><\/p>\n<p><strong>Leia mais not\u00edcias em\u00a0<\/strong><a href=\"http:\/\/www.caririemacao.com\/\"><strong>caririemacao.com<\/strong><\/a><strong>, siga nossa p\u00e1gina no\u00a0<\/strong><a href=\"https:\/\/www.facebook.com\/CaririEmAcao\/?ref=aymt_homepage_panel\"><strong>Facebook<\/strong><\/a>,<strong>\u00a0<\/strong><a href=\"https:\/\/www.instagram.com\/cariri_em_acao\/?hl=pt-br\"><strong>Instagram<\/strong><\/a><strong>\u00a0e\u00a0<\/strong><a href=\"https:\/\/www.youtube.com\/channel\/UCAptA0jQuYQy8vMhLt2m4qg\"><strong>Youtube<\/strong><\/a><strong>\u00a0e veja nossas mat\u00e9rias, v\u00eddeos e fotos. Voc\u00ea tamb\u00e9m pode enviar informa\u00e7\u00f5es \u00e0 Reda\u00e7\u00e3o do Portal Cariri em A\u00e7\u00e3o pelo WhatsApp (83) 9 9634.5791, (83) 9 9601-1162.<\/strong><\/p>\n","protected":false},"excerpt":{"rendered":"<p>Sem conseguir votar mat\u00e9rias importantes para o governo, o presidente da C\u00e2mara, Rodrigo Maia (DEM-RJ), amea\u00e7ou descontar o sal\u00e1rio dos deputados da oposi\u00e7\u00e3o que est\u00e3o&hellip; <\/p>\n","protected":false},"author":2,"featured_media":49075,"comment_status":"closed","ping_status":"closed","sticky":false,"template":"","format":"standard","meta":{"sfsi_plus_gutenberg_text_before_share":"","sfsi_plus_gutenberg_show_text_before_share":"","sfsi_plus_gutenberg_icon_type":"","sfsi_plus_gutenberg_icon_alignemt":"","sfsi_plus_gutenburg_max_per_row":"","footnotes":""},"categories":[11],"tags":[],"class_list":["post-49074","post","type-post","status-publish","format-standard","has-post-thumbnail","hentry","category-politica"],"_links":{"self":[{"href":"https:\/\/www.caririemacao.com\/1\/wp-json\/wp\/v2\/posts\/49074","targetHints":{"allow":["GET"]}}],"collection":[{"href":"https:\/\/www.caririemacao.com\/1\/wp-json\/wp\/v2\/posts"}],"about":[{"href":"https:\/\/www.caririemacao.com\/1\/wp-json\/wp\/v2\/types\/post"}],"author":[{"embeddable":true,"href":"https:\/\/www.caririemacao.com\/1\/wp-json\/wp\/v2\/users\/2"}],"replies":[{"embeddable":true,"href":"https:\/\/www.caririemacao.com\/1\/wp-json\/wp\/v2\/comments?post=49074"}],"version-history":[{"count":0,"href":"https:\/\/www.caririemacao.com\/1\/wp-json\/wp\/v2\/posts\/49074\/revisions"}],"wp:featuredmedia":[{"embeddable":true,"href":"https:\/\/www.caririemacao.com\/1\/wp-json\/wp\/v2\/media\/49075"}],"wp:attachment":[{"href":"https:\/\/www.caririemacao.com\/1\/wp-json\/wp\/v2\/media?parent=49074"}],"wp:term":[{"taxonomy":"category","embeddable":true,"href":"https:\/\/www.caririemacao.com\/1\/wp-json\/wp\/v2\/categories?post=49074"},{"taxonomy":"post_tag","embeddable":true,"href":"https:\/\/www.caririemacao.com\/1\/wp-json\/wp\/v2\/tags?post=49074"}],"curies":[{"name":"wp","href":"https:\/\/api.w.org\/{rel}","templated":true}]}}