{"id":49077,"date":"2018-04-26T08:18:50","date_gmt":"2018-04-26T11:18:50","guid":{"rendered":"http:\/\/caririemacao.com\/1\/?p=49077"},"modified":"2018-04-26T08:18:50","modified_gmt":"2018-04-26T11:18:50","slug":"nesta-quinta-pcdob-anuncia-apoio-a-joao-em-evento-na-sede-do-psb-em-joao-pessoa","status":"publish","type":"post","link":"https:\/\/www.caririemacao.com\/1\/2018\/04\/26\/nesta-quinta-pcdob-anuncia-apoio-a-joao-em-evento-na-sede-do-psb-em-joao-pessoa\/","title":{"rendered":"Nesta quinta: PCdoB anuncia apoio a Jo\u00e3o em evento na sede do PSB, em Jo\u00e3o Pessoa"},"content":{"rendered":"<p>O Partido Comunista do Brasil (PCdoB) na Para\u00edba vai oficializar, nesta quinta-feira (26), \u00e0s 10h:00, apoio \u00e0 pr\u00e9-candidatura de Jo\u00e3o Azev\u00eado (PSB) ao Governo do Estado.<\/p>\n<p>O evento ser\u00e1 realizado na sede do PSB, em Jo\u00e3o Pessoa, localizada na Av. Coremas, no bairro do Centro e contar\u00e1 com a presen\u00e7a de lideran\u00e7as do PCdoB, do PSB e de partidos aliados.<\/p>\n<p><strong>Confira os detalhes do evento:<\/strong><\/p>\n<p>Data: 26\/04\/2018<br \/>\nHora: 11h00<br \/>\nLocal: Av. Coremas, 350 \u2013 Centro, Jo\u00e3o Pessoa.<\/p>\n<p><strong>CARIRI EM A\u00c7\u00c3O<\/strong><\/p>\n<p><em>Com Para\u00edba J\u00e1<\/em><\/p>\n<p><strong>Leia mais not\u00edcias em\u00a0<\/strong><a href=\"http:\/\/www.caririemacao.com\/\"><strong>caririemacao.com<\/strong><\/a><strong>, siga nossa p\u00e1gina no\u00a0<\/strong><a href=\"https:\/\/www.facebook.com\/CaririEmAcao\/?ref=aymt_homepage_panel\"><strong>Facebook<\/strong><\/a>,<strong>\u00a0<\/strong><a href=\"https:\/\/www.instagram.com\/cariri_em_acao\/?hl=pt-br\"><strong>Instagram<\/strong><\/a><strong>\u00a0e\u00a0<\/strong><a href=\"https:\/\/www.youtube.com\/channel\/UCAptA0jQuYQy8vMhLt2m4qg\"><strong>Youtube<\/strong><\/a><strong>\u00a0e veja nossas mat\u00e9rias, v\u00eddeos e fotos. Voc\u00ea tamb\u00e9m pode enviar informa\u00e7\u00f5es \u00e0 Reda\u00e7\u00e3o do Portal Cariri em A\u00e7\u00e3o pelo WhatsApp (83) 9 9634.5791, (83) 9 9601-1162.<\/strong><\/p>\n","protected":false},"excerpt":{"rendered":"<p>O Partido Comunista do Brasil (PCdoB) na Para\u00edba vai oficializar, nesta quinta-feira (26), \u00e0s 10h:00, apoio \u00e0 pr\u00e9-candidatura de Jo\u00e3o Azev\u00eado (PSB) ao Governo do&hellip; <\/p>\n","protected":false},"author":2,"featured_media":34955,"comment_status":"closed","ping_status":"closed","sticky":false,"template":"","format":"standard","meta":{"sfsi_plus_gutenberg_text_before_share":"","sfsi_plus_gutenberg_show_text_before_share":"","sfsi_plus_gutenberg_icon_type":"","sfsi_plus_gutenberg_icon_alignemt":"","sfsi_plus_gutenburg_max_per_row":"","footnotes":""},"categories":[11],"tags":[],"class_list":["post-49077","post","type-post","status-publish","format-standard","has-post-thumbnail","hentry","category-politica"],"_links":{"self":[{"href":"https:\/\/www.caririemacao.com\/1\/wp-json\/wp\/v2\/posts\/49077","targetHints":{"allow":["GET"]}}],"collection":[{"href":"https:\/\/www.caririemacao.com\/1\/wp-json\/wp\/v2\/posts"}],"about":[{"href":"https:\/\/www.caririemacao.com\/1\/wp-json\/wp\/v2\/types\/post"}],"author":[{"embeddable":true,"href":"https:\/\/www.caririemacao.com\/1\/wp-json\/wp\/v2\/users\/2"}],"replies":[{"embeddable":true,"href":"https:\/\/www.caririemacao.com\/1\/wp-json\/wp\/v2\/comments?post=49077"}],"version-history":[{"count":0,"href":"https:\/\/www.caririemacao.com\/1\/wp-json\/wp\/v2\/posts\/49077\/revisions"}],"wp:featuredmedia":[{"embeddable":true,"href":"https:\/\/www.caririemacao.com\/1\/wp-json\/wp\/v2\/media\/34955"}],"wp:attachment":[{"href":"https:\/\/www.caririemacao.com\/1\/wp-json\/wp\/v2\/media?parent=49077"}],"wp:term":[{"taxonomy":"category","embeddable":true,"href":"https:\/\/www.caririemacao.com\/1\/wp-json\/wp\/v2\/categories?post=49077"},{"taxonomy":"post_tag","embeddable":true,"href":"https:\/\/www.caririemacao.com\/1\/wp-json\/wp\/v2\/tags?post=49077"}],"curies":[{"name":"wp","href":"https:\/\/api.w.org\/{rel}","templated":true}]}}