{"id":49079,"date":"2018-04-26T08:21:39","date_gmt":"2018-04-26T11:21:39","guid":{"rendered":"http:\/\/caririemacao.com\/1\/?p=49079"},"modified":"2018-04-26T08:21:39","modified_gmt":"2018-04-26T11:21:39","slug":"segunda-morte-por-h1n1-e-confirmada","status":"publish","type":"post","link":"https:\/\/www.caririemacao.com\/1\/2018\/04\/26\/segunda-morte-por-h1n1-e-confirmada\/","title":{"rendered":"Segunda morte por H1N1 \u00e9 confirmada"},"content":{"rendered":"<div class=\"mc-column content-text active-extra-styles active-capital-letter\" data-block-type=\"unstyled\" data-block-weight=\"45\" data-block-id=\"2\">\n<p class=\"content-text__container theme-color-primary-first-letter\" data-track-category=\"Link no Texto\" data-track-links=\"\">Uma segunda morte por influenza A do subtipo H1N1 foi confirmada em Guarabira, no Agreste paraibano, segundo a Secretaria de Estado da Sa\u00fade (SES), nesta quarta-feira (25).\u00a0Na \u00faltima sexta-feira (20), a primeira morte foi confirmada pela SES em Cabedelo e outra estava em investiga\u00e7\u00e3o.<\/p>\n<\/div>\n<div class=\"mc-column content-text active-extra-styles \" data-block-type=\"unstyled\" data-block-weight=\"32\" data-block-id=\"3\">\n<p class=\"content-text__container \" data-track-category=\"Link no Texto\" data-track-links=\"\">Al\u00e9m das morte por H1N1, tamb\u00e9m foram confirmadas duas por influenza A do subtipo H3. Outros quatro casos suspeitos foram descartados. O que caso que seguia em investiga\u00e7\u00e3o foi confirmado nesta quarta-feira.<\/p>\n<\/div>\n<div class=\"mc-column content-text active-extra-styles \" data-block-type=\"unstyled\" data-block-weight=\"41\" data-block-id=\"4\">\n<p class=\"content-text__container \" data-track-category=\"Link no Texto\" data-track-links=\"\">Segundo a SES, foram notificados 51 casos suspeitos para S\u00edndrome Respirat\u00f3ria Aguda Grave (SRAG) e, destes, dois casos (4%) foram confirmados para influenza sazonal. Foi descartada a presen\u00e7a do v\u00edrus da Influenza em 33 casos (64%). Os demais seguem em investiga\u00e7\u00e3o.<\/p>\n<\/div>\n<div class=\"mc-column content-text active-extra-styles \" data-block-type=\"unstyled\" data-block-weight=\"45\" data-block-id=\"5\">\n<p class=\"content-text__container \" data-track-category=\"Link no Texto\" data-track-links=\"\">A SES observa que, no entanto, as notifica\u00e7\u00f5es realizadas por SRAG englobam um n\u00famero maior de doen\u00e7as respirat\u00f3rias, o que eleva o n\u00famero de casos notificados atualmente, com o objetivo de conhecer o comportamento n\u00e3o s\u00f3 das doen\u00e7as ocasionadas pela influenza, como tamb\u00e9m das pneumonias.<\/p>\n<\/div>\n<div class=\"mc-column content-text active-extra-styles \" data-block-type=\"unstyled\" data-block-weight=\"31\" data-block-id=\"6\">\n<p class=\"content-text__container \" data-track-category=\"Link no Texto\" data-track-links=\"\">Todo caso de SRAG hospitalizado deve ser notificado e encaminhado ao N\u00facleo de Doen\u00e7as Transmiss\u00edveis Agudas da SES, exceto os casos atendidos nos servi\u00e7os de sa\u00fade do munic\u00edpio de Jo\u00e3o Pessoa.<\/p>\n<\/div>\n<div data-track-category=\"fim do conteudo\" data-track-action=\"ultimo chunk conteudo\" data-track-noninteraction=\"false\" data-track-scroll=\"entrada completa viewport\">\n<div class=\"mc-column content-text active-extra-styles \" data-block-type=\"unstyled\" data-block-weight=\"32\" data-block-id=\"7\">\n<p class=\"content-text__container \" data-track-category=\"Link no Texto\" data-track-links=\"\">A Campanha de Vacina\u00e7\u00e3o contra a Gripe come\u00e7ou deste a \u00faltima segunda-feira (23)\u00a0e segue at\u00e9 o dia 1\u00ba de junho, em todas as unidades de sa\u00fade dos 223 munic\u00edpios do estado.<\/p>\n<p><strong>CARIRI EM A\u00c7\u00c3O<\/strong><\/p>\n<p><em>Com G1\/Foto: Secom<\/em><\/p>\n<p><strong>Leia mais not\u00edcias em\u00a0<\/strong><a href=\"http:\/\/www.caririemacao.com\/\"><strong>caririemacao.com<\/strong><\/a><strong>, siga nossa p\u00e1gina no\u00a0<\/strong><a href=\"https:\/\/www.facebook.com\/CaririEmAcao\/?ref=aymt_homepage_panel\"><strong>Facebook<\/strong><\/a>,<strong>\u00a0<\/strong><a href=\"https:\/\/www.instagram.com\/cariri_em_acao\/?hl=pt-br\"><strong>Instagram<\/strong><\/a><strong>\u00a0e\u00a0<\/strong><a href=\"https:\/\/www.youtube.com\/channel\/UCAptA0jQuYQy8vMhLt2m4qg\"><strong>Youtube<\/strong><\/a><strong>\u00a0e veja nossas mat\u00e9rias, v\u00eddeos e fotos. Voc\u00ea tamb\u00e9m pode enviar informa\u00e7\u00f5es \u00e0 Reda\u00e7\u00e3o do Portal Cariri em A\u00e7\u00e3o pelo WhatsApp (83) 9 9634.5791, (83) 9 9601-1162.<\/strong><\/p>\n<\/div>\n<\/div>\n","protected":false},"excerpt":{"rendered":"<p>Uma segunda morte por influenza A do subtipo H1N1 foi confirmada em Guarabira, no Agreste paraibano, segundo a Secretaria de Estado da Sa\u00fade (SES), nesta&hellip; <\/p>\n","protected":false},"author":2,"featured_media":49080,"comment_status":"closed","ping_status":"closed","sticky":false,"template":"","format":"standard","meta":{"sfsi_plus_gutenberg_text_before_share":"","sfsi_plus_gutenberg_show_text_before_share":"","sfsi_plus_gutenberg_icon_type":"","sfsi_plus_gutenberg_icon_alignemt":"","sfsi_plus_gutenburg_max_per_row":"","footnotes":""},"categories":[16],"tags":[],"class_list":["post-49079","post","type-post","status-publish","format-standard","has-post-thumbnail","hentry","category-saude"],"_links":{"self":[{"href":"https:\/\/www.caririemacao.com\/1\/wp-json\/wp\/v2\/posts\/49079","targetHints":{"allow":["GET"]}}],"collection":[{"href":"https:\/\/www.caririemacao.com\/1\/wp-json\/wp\/v2\/posts"}],"about":[{"href":"https:\/\/www.caririemacao.com\/1\/wp-json\/wp\/v2\/types\/post"}],"author":[{"embeddable":true,"href":"https:\/\/www.caririemacao.com\/1\/wp-json\/wp\/v2\/users\/2"}],"replies":[{"embeddable":true,"href":"https:\/\/www.caririemacao.com\/1\/wp-json\/wp\/v2\/comments?post=49079"}],"version-history":[{"count":0,"href":"https:\/\/www.caririemacao.com\/1\/wp-json\/wp\/v2\/posts\/49079\/revisions"}],"wp:featuredmedia":[{"embeddable":true,"href":"https:\/\/www.caririemacao.com\/1\/wp-json\/wp\/v2\/media\/49080"}],"wp:attachment":[{"href":"https:\/\/www.caririemacao.com\/1\/wp-json\/wp\/v2\/media?parent=49079"}],"wp:term":[{"taxonomy":"category","embeddable":true,"href":"https:\/\/www.caririemacao.com\/1\/wp-json\/wp\/v2\/categories?post=49079"},{"taxonomy":"post_tag","embeddable":true,"href":"https:\/\/www.caririemacao.com\/1\/wp-json\/wp\/v2\/tags?post=49079"}],"curies":[{"name":"wp","href":"https:\/\/api.w.org\/{rel}","templated":true}]}}