{"id":49085,"date":"2018-04-26T08:26:25","date_gmt":"2018-04-26T11:26:25","guid":{"rendered":"http:\/\/caririemacao.com\/1\/?p=49085"},"modified":"2018-04-26T08:26:25","modified_gmt":"2018-04-26T11:26:25","slug":"juiza-nega-ate-visita-de-medico-ao-ex-presidente-lula","status":"publish","type":"post","link":"https:\/\/www.caririemacao.com\/1\/2018\/04\/26\/juiza-nega-ate-visita-de-medico-ao-ex-presidente-lula\/","title":{"rendered":"Ju\u00edza nega at\u00e9 visita de m\u00e9dico ao ex-presidente Lula"},"content":{"rendered":"<p>A ju\u00edza Carolina Lebbos, da 12\u00aa Vara da Justi\u00e7a Federal do Paran\u00e1, que tem proibido todas as visitas ao ex-presidente Lula, vetou nesta quarta-feira 25 a visita do m\u00e9dico do ex-presidente. O l\u00edder do PT na C\u00e2mara, deputado Paulo Pimenta (PT-RS), denunciou o abuso em plen\u00e1rio: \u201c\u00c9 inaceit\u00e1vel, um abuso, um desrespeito\u201d, disse, anunciando que ser\u00e3o adotadas a\u00e7\u00f5es contra \u201cmais esta arbitrariedade\u201d da magistrada.<\/p>\n<p>Em um pedido enviado \u00e0 ju\u00edza de Curitiba, com data desta quarta-feria 25, a defesa de Lula\u00a0reitera um pedido anterior, formulado no dia 20 de abril, \u201cpara que o Peticion\u00e1rio seja atendido periodicamente e sempre que necess\u00e1rio pelos m\u00e9dicos listados naquela pe\u00e7a, diante das raz\u00f5es ali expostas \u2014 devidamente acompanhadas de relat\u00f3rio m\u00e9dico\u201d (<a href=\"https:\/\/www.brasil247.com\/attachment\/986\/Evento%2090.pdf?g_download=1\" target=\"_blank\" rel=\"noopener\">confira aqui<\/a>\u00a0o documento).<\/p>\n<p>A ju\u00edza respondeu que, \u201cn\u00e3o havendo indica\u00e7\u00e3o de urg\u00eancia, j\u00e1 houve solicita\u00e7\u00e3o de informa\u00e7\u00f5es \u00e0 Superintend\u00eancia da Pol\u00edcia Federal, a fim de subsidiar a an\u00e1lise judicial (evento 83).\u00a0<a href=\"https:\/\/www.brasil247.com\/attachment\/985\/DESPACHO%20SOBRE%20VISITAS%20E%20SOBRE%20ATENDIMENTO%20POR%20ME%CC%81DICOS.pdf?g_download=1\" target=\"_blank\" rel=\"noopener\">Confira aqui<\/a>\u00a0o despacho da Justi\u00e7a Federal do Paran\u00e1.<\/p>\n<p>Em v\u00eddeo gravado para o 247, o deputado federal Wadih Damous (PT-RJ) denunciou que\u00a0\u201cessa ju\u00edza est\u00e1 atentando contra a vida do presidente Lula\u201d. \u201cParece que essa ju\u00edza quer brinca com fogo. Parece que ela quer ver um cad\u00e1ver saindo l\u00e1 de dentro\u201d, criticou.<\/p>\n<p>A presidente do PT, senadora Gleisi Hoffmann (PR), tamb\u00e9m condenou a decis\u00e3o: \u201cJu\u00edza federal nega visita m\u00e9dica ao presidente, alegando que n\u00e3o h\u00e1 urg\u00eancia. O que ela entende de sa\u00fade do presidente?! Lula tem 72 anos, enfrentou um\u00a0c\u00e2ncer, precisa de acompanhamento. Qual \u00e9 inten\u00e7\u00e3o real dessa negativa?!\u201d.<\/p>\n<p><em>Com Brasil 247\/Foto: Reprodu\u00e7\u00e3o google<\/em><\/p>\n<p><strong>Leia mais not\u00edcias em\u00a0<\/strong><a href=\"http:\/\/www.caririemacao.com\/\"><strong>caririemacao.com<\/strong><\/a><strong>, siga nossa p\u00e1gina no\u00a0<\/strong><a href=\"https:\/\/www.facebook.com\/CaririEmAcao\/?ref=aymt_homepage_panel\"><strong>Facebook<\/strong><\/a>,<strong>\u00a0<\/strong><a href=\"https:\/\/www.instagram.com\/cariri_em_acao\/?hl=pt-br\"><strong>Instagram<\/strong><\/a><strong>\u00a0e\u00a0<\/strong><a href=\"https:\/\/www.youtube.com\/channel\/UCAptA0jQuYQy8vMhLt2m4qg\"><strong>Youtube<\/strong><\/a><strong>\u00a0e veja nossas mat\u00e9rias, v\u00eddeos e fotos. Voc\u00ea tamb\u00e9m pode enviar informa\u00e7\u00f5es \u00e0 Reda\u00e7\u00e3o do Portal Cariri em A\u00e7\u00e3o pelo WhatsApp (83) 9 9634.5791, (83) 9 9601-1162.<\/strong><\/p>\n","protected":false},"excerpt":{"rendered":"<p>A ju\u00edza Carolina Lebbos, da 12\u00aa Vara da Justi\u00e7a Federal do Paran\u00e1, que tem proibido todas as visitas ao ex-presidente Lula, vetou nesta quarta-feira 25&hellip; <\/p>\n","protected":false},"author":2,"featured_media":23817,"comment_status":"closed","ping_status":"closed","sticky":false,"template":"","format":"standard","meta":{"sfsi_plus_gutenberg_text_before_share":"","sfsi_plus_gutenberg_show_text_before_share":"","sfsi_plus_gutenberg_icon_type":"","sfsi_plus_gutenberg_icon_alignemt":"","sfsi_plus_gutenburg_max_per_row":"","footnotes":""},"categories":[11],"tags":[],"class_list":["post-49085","post","type-post","status-publish","format-standard","has-post-thumbnail","hentry","category-politica"],"_links":{"self":[{"href":"https:\/\/www.caririemacao.com\/1\/wp-json\/wp\/v2\/posts\/49085","targetHints":{"allow":["GET"]}}],"collection":[{"href":"https:\/\/www.caririemacao.com\/1\/wp-json\/wp\/v2\/posts"}],"about":[{"href":"https:\/\/www.caririemacao.com\/1\/wp-json\/wp\/v2\/types\/post"}],"author":[{"embeddable":true,"href":"https:\/\/www.caririemacao.com\/1\/wp-json\/wp\/v2\/users\/2"}],"replies":[{"embeddable":true,"href":"https:\/\/www.caririemacao.com\/1\/wp-json\/wp\/v2\/comments?post=49085"}],"version-history":[{"count":0,"href":"https:\/\/www.caririemacao.com\/1\/wp-json\/wp\/v2\/posts\/49085\/revisions"}],"wp:featuredmedia":[{"embeddable":true,"href":"https:\/\/www.caririemacao.com\/1\/wp-json\/wp\/v2\/media\/23817"}],"wp:attachment":[{"href":"https:\/\/www.caririemacao.com\/1\/wp-json\/wp\/v2\/media?parent=49085"}],"wp:term":[{"taxonomy":"category","embeddable":true,"href":"https:\/\/www.caririemacao.com\/1\/wp-json\/wp\/v2\/categories?post=49085"},{"taxonomy":"post_tag","embeddable":true,"href":"https:\/\/www.caririemacao.com\/1\/wp-json\/wp\/v2\/tags?post=49085"}],"curies":[{"name":"wp","href":"https:\/\/api.w.org\/{rel}","templated":true}]}}