{"id":49087,"date":"2018-04-26T08:32:04","date_gmt":"2018-04-26T11:32:04","guid":{"rendered":"http:\/\/caririemacao.com\/1\/?p=49087"},"modified":"2018-04-26T08:32:04","modified_gmt":"2018-04-26T11:32:04","slug":"enquanto-47-mil-criancas-sao-desnutridas-121-mil-sao-obesas","status":"publish","type":"post","link":"https:\/\/www.caririemacao.com\/1\/2018\/04\/26\/enquanto-47-mil-criancas-sao-desnutridas-121-mil-sao-obesas\/","title":{"rendered":"Enquanto 4,7 mil crian\u00e7as s\u00e3o desnutridas, 12,1 mil s\u00e3o obesas"},"content":{"rendered":"<p dir=\"ltr\">A Para\u00edba apresenta 4.740 casos de crian\u00e7as menores de cinco anos com desnutri\u00e7\u00e3o grave, segundo dados apresentados pelo Observat\u00f3rio da Crian\u00e7a e do Adolescente nessa ter\u00e7a-feira (24). Em oposi\u00e7\u00e3o, no mesmo per\u00edodo, s\u00e3o diagnosticadas 12.115 crian\u00e7as menores de cinco anos com obesidade.<\/p>\n<p dir=\"ltr\">Em 2008, a pesquisa mostra 3.149 crian\u00e7as desnutridas, o que equivale a 3,5% da popula\u00e7\u00e3o da \u00e9poca. Em 2017, os 4.740 casos equivalem a 3,3% das crian\u00e7as paraibanas. Os anos de 2008 e 2009 apresentaram os maiores \u00edndices de desnutri\u00e7\u00e3o grave no per\u00edodo de nove anos, com 3,5% da popula\u00e7\u00e3o dessa faixa et\u00e1ria.<\/p>\n<p dir=\"ltr\">A desnutri\u00e7\u00e3o \u00e9 a falta de nutrientes espec\u00edficos, como ferro ou zinco, ou simplesmente a falta de calorias. Segundo a ONU, esta doen\u00e7a \u00e9 respons\u00e1vel pela morte de 16 mil crian\u00e7as todos os dias em todo o mundo. De acordo com a nutricionista Roberta Lins, a desnutri\u00e7\u00e3o est\u00e1 diretamente ligada a crian\u00e7as que est\u00e3o em situa\u00e7\u00e3o de risco e vulnerabilidade.<\/p>\n<p dir=\"ltr\"><strong>Contraste<\/strong><\/p>\n<p dir=\"ltr\">Os dados de 2008 mostram, no estado, 7.737 casos de obesidade em menores de cinco anos, sendo esses 8,5% da popula\u00e7\u00e3o dessa idade. Em 2017, a pesquisa apresenta 12.115 crian\u00e7as diagnosticadas, representando 8,37% da popula\u00e7\u00e3o atual nessa faixa et\u00e1ria. Em nove anos, o maior \u00edndice de crian\u00e7as diagnosticadas com obesidade era 9,8%, no ano de 2014.<\/p>\n<p dir=\"ltr\">A obesidade infantil acontece quando a crian\u00e7a est\u00e1 com peso maior que o recomendado para sua idade e altura. As faixas de\u00a0\u00cdndice de Massa Corporal (IMC)\u00a0determinadas para crian\u00e7as s\u00e3o diferentes dos adultos e variam de acordo com g\u00eanero e idade.<\/p>\n<p dir=\"ltr\">\u201cA quest\u00e3o da obesidade, tem a ver com acesso f\u00e1cil \u00e0 alimenta\u00e7\u00e3o. O acesso \u00e0 alimenta\u00e7\u00e3o pronta, industrializada, que est\u00e1 mais f\u00e1cil. Muitas vezes sai mais barato dar um refrigerante a uma crian\u00e7a do que um copo de suco. D\u00e1 mais trabalho fazer o suco de fruta e n\u00e3o d\u00e1 o industrializado. O excesso de a\u00e7\u00facar, de carboidrato nesses alimentos \u00e9 muito maior, a\u00ed eu acabo fazendo com que essas crian\u00e7as fiquem obesas. Aumenta um risco at\u00e9 do adolescente ou na vida adulta tamb\u00e9m com a obesidade\u201d, explicou.<\/p>\n<p dir=\"ltr\">Segundo ela, o baixo n\u00edvel de mobilidade tamb\u00e9m contribui para a obesidade. As crian\u00e7as passam cada vez mais a usar aparelhos eletr\u00f4nicos e se movimentando menos, o que faz com que elas gastem menos calorias do que ingerem. Para a nutricionista, uma das solu\u00e7\u00f5es seria procurar um especialista. Ela tamb\u00e9m apontou a responsabilidade das escolas neste processo.<\/p>\n<p dir=\"ltr\">\u201cA solu\u00e7\u00e3o \u00e9 sempre procurar um profissional, o nutricionista para orientar os pais. Porque a crian\u00e7a at\u00e9 os cinco anos de idade, quem d\u00e1 a alimenta\u00e7\u00e3o dela s\u00e3o os pais. Ela acaba induzindo escolhendo o que quer, mas quem d\u00e1 s\u00e3o os pais. \u00c9 preciso orientar os pais. As escolas tamb\u00e9m t\u00eam esse papel de orientar, de diminuir os a\u00e7\u00facares. Inclusive h\u00e1 uma campanha estadual para tirar o refrigerante. A escola tamb\u00e9m tem esse papel de educar na alimenta\u00e7\u00e3o\u201d, finalizou.<\/p>\n<p><strong>CARIRI EM A\u00c7\u00c3O<\/strong><\/p>\n<p><em>Com Portal Correio\/Foto: Reprodu\u00e7\u00e3o google<\/em><\/p>\n<p><strong>Leia mais not\u00edcias em\u00a0<\/strong><a href=\"http:\/\/www.caririemacao.com\/\"><strong>caririemacao.com<\/strong><\/a><strong>, siga nossa p\u00e1gina no\u00a0<\/strong><a href=\"https:\/\/www.facebook.com\/CaririEmAcao\/?ref=aymt_homepage_panel\"><strong>Facebook<\/strong><\/a>,<strong>\u00a0<\/strong><a href=\"https:\/\/www.instagram.com\/cariri_em_acao\/?hl=pt-br\"><strong>Instagram<\/strong><\/a><strong>\u00a0e\u00a0<\/strong><a href=\"https:\/\/www.youtube.com\/channel\/UCAptA0jQuYQy8vMhLt2m4qg\"><strong>Youtube<\/strong><\/a><strong>\u00a0e veja nossas mat\u00e9rias, v\u00eddeos e fotos. Voc\u00ea tamb\u00e9m pode enviar informa\u00e7\u00f5es \u00e0 Reda\u00e7\u00e3o do Portal Cariri em A\u00e7\u00e3o pelo WhatsApp (83) 9 9634.5791, (83) 9 9601-1162.<\/strong><\/p>\n","protected":false},"excerpt":{"rendered":"<p>A Para\u00edba apresenta 4.740 casos de crian\u00e7as menores de cinco anos com desnutri\u00e7\u00e3o grave, segundo dados apresentados pelo Observat\u00f3rio da Crian\u00e7a e do Adolescente nessa&hellip; <\/p>\n","protected":false},"author":2,"featured_media":49088,"comment_status":"closed","ping_status":"closed","sticky":false,"template":"","format":"standard","meta":{"sfsi_plus_gutenberg_text_before_share":"","sfsi_plus_gutenberg_show_text_before_share":"","sfsi_plus_gutenberg_icon_type":"","sfsi_plus_gutenberg_icon_alignemt":"","sfsi_plus_gutenburg_max_per_row":"","footnotes":""},"categories":[16],"tags":[],"class_list":["post-49087","post","type-post","status-publish","format-standard","has-post-thumbnail","hentry","category-saude"],"_links":{"self":[{"href":"https:\/\/www.caririemacao.com\/1\/wp-json\/wp\/v2\/posts\/49087","targetHints":{"allow":["GET"]}}],"collection":[{"href":"https:\/\/www.caririemacao.com\/1\/wp-json\/wp\/v2\/posts"}],"about":[{"href":"https:\/\/www.caririemacao.com\/1\/wp-json\/wp\/v2\/types\/post"}],"author":[{"embeddable":true,"href":"https:\/\/www.caririemacao.com\/1\/wp-json\/wp\/v2\/users\/2"}],"replies":[{"embeddable":true,"href":"https:\/\/www.caririemacao.com\/1\/wp-json\/wp\/v2\/comments?post=49087"}],"version-history":[{"count":0,"href":"https:\/\/www.caririemacao.com\/1\/wp-json\/wp\/v2\/posts\/49087\/revisions"}],"wp:featuredmedia":[{"embeddable":true,"href":"https:\/\/www.caririemacao.com\/1\/wp-json\/wp\/v2\/media\/49088"}],"wp:attachment":[{"href":"https:\/\/www.caririemacao.com\/1\/wp-json\/wp\/v2\/media?parent=49087"}],"wp:term":[{"taxonomy":"category","embeddable":true,"href":"https:\/\/www.caririemacao.com\/1\/wp-json\/wp\/v2\/categories?post=49087"},{"taxonomy":"post_tag","embeddable":true,"href":"https:\/\/www.caririemacao.com\/1\/wp-json\/wp\/v2\/tags?post=49087"}],"curies":[{"name":"wp","href":"https:\/\/api.w.org\/{rel}","templated":true}]}}