{"id":49096,"date":"2018-04-26T08:41:50","date_gmt":"2018-04-26T11:41:50","guid":{"rendered":"http:\/\/caririemacao.com\/1\/?p=49096"},"modified":"2018-04-26T08:41:50","modified_gmt":"2018-04-26T11:41:50","slug":"mpf-da-prazo-para-27-prefeituras-implantarem-ponto-eletronico","status":"publish","type":"post","link":"https:\/\/www.caririemacao.com\/1\/2018\/04\/26\/mpf-da-prazo-para-27-prefeituras-implantarem-ponto-eletronico\/","title":{"rendered":"MPF d\u00e1 prazo para 27 prefeituras implantarem ponto eletr\u00f4nico"},"content":{"rendered":"<p>Em decorr\u00eancia do n\u00e3o cumprimento de recomenda\u00e7\u00f5es feitas aos munic\u00edpios, para que providenciassem a instala\u00e7\u00e3o e o regular funcionamento do registro eletr\u00f4nico de frequ\u00eancia dos servidores p\u00fablicos vinculados ao Sistema \u00danico de Sa\u00fade (SUS), o Minist\u00e9rio P\u00fablico Federal (MPF) em Jo\u00e3o Pessoa (PB) ajuizou nove a\u00e7\u00f5es civis p\u00fablicas, com pedidos de liminar, para que a Justi\u00e7a Federal determine a 27 munic\u00edpios que, dentro de 60 dias, implementem e exijam o uso do controle eletr\u00f4nico biom\u00e9trico de frequ\u00eancia para os profissionais de sa\u00fade vinculados ao SUS.<\/p>\n<p>Os munic\u00edpios demandados judicialmente s\u00e3o: Alhandra, Bayeux, Ba\u00eda da Trai\u00e7\u00e3o, Caapor\u00e3, Caldas Brand\u00e3o, Capim, Conde, Cruz do Esp\u00edrito Santo, Cuit\u00e9 de Mamanguape, Curral de Cima, Itabaiana, Itapororoca, Jacara\u00fa, Jo\u00e3o Pessoa, Lucena, Marca\u00e7\u00e3o, Mari, Mataraca, Mogeiro, Natuba, Pedras de Fogo, Pedro Regis, Pitimbu, Riach\u00e3o do Po\u00e7o, Rio Tinto, Santa Rita e Sap\u00e9, todos localizados na \u00e1rea de atribui\u00e7\u00e3o do MPF na capital do estado.<\/p>\n<p>O MPF ainda pede que o n\u00e3o cumprimento da medida liminar, eventualmente concedida, seja penalizado com fixa\u00e7\u00e3o de multa di\u00e1ria, de forma solid\u00e1ria, tanto ao munic\u00edpio como direta e pessoalmente a seu gestor, no valor de R$ 5 mil, ou valor que a Justi\u00e7a entender adequado.<\/p>\n<p>Tentativas de solu\u00e7\u00e3o extrajudicial \u2013 Em julho de 2014, o MPF iniciou o Procedimento Administrativo n.\u00ba 1.24.00.001429\/2014-31, no \u00e2mbito do qual expediu duas recomenda\u00e7\u00f5es aos munic\u00edpios para que adotassem mecanismos de controle e transpar\u00eancia no SUS, em especial para fiscalizar o efetivo cumprimento dos hor\u00e1rios dos profissionais da sa\u00fade, principalmente m\u00e9dicos e odont\u00f3logos. No entanto, os munic\u00edpios n\u00e3o cumpriram as recomenda\u00e7\u00f5es.<\/p>\n<p>Como tentativa de buscar a solu\u00e7\u00e3o extrajudicial, foi solicitado \u00e0s emissoras de r\u00e1dio e televis\u00e3o que veiculassem nota com o teor da recomenda\u00e7\u00e3o ministerial, o que foi prontamente atendido pelas emissoras nos meses de outubro e novembro de 2016. Ainda assim, os munic\u00edpios demandados permaneceram inertes.<\/p>\n<p>\u00daltima cobran\u00e7a \u2013 Em setembro de 2017, na busca do fortalecimento dos servi\u00e7os de sa\u00fade, o MPF refor\u00e7ou as duas recomenda\u00e7\u00f5es e realizou uma \u00faltima cobran\u00e7a aos munic\u00edpios, esclarecendo-lhes que se tratava de boa pr\u00e1tica de transpar\u00eancia na gest\u00e3o do Sistema \u00danico de Sa\u00fade e alertando que a\u00e7\u00f5es na Justi\u00e7a, visando \u00e0 implanta\u00e7\u00e3o das medidas, seriam ajuizadas contra aqueles que recusassem ou se omitissem.<\/p>\n<p>Desde o primeiro envio das recomenda\u00e7\u00f5es, ainda em 2014, diversos munic\u00edpios implantaram o controle biom\u00e9trico de frequ\u00eancia dos profissionais de sa\u00fade o que, para o Minist\u00e9rio P\u00fablico, demonstra que o lapso temporal, desde ent\u00e3o transcorrido, \u00e9 mais que suficiente para a tomada de provid\u00eancias, pelos munic\u00edpios, para seu efetivo cumprimento.<\/p>\n<p>Postura antirrepublicana \u2013 Na a\u00e7\u00e3o, o MPF alega que \u201caliada \u00e0 des\u00eddia das gest\u00f5es dos munic\u00edpios demandados, h\u00e1 grande resist\u00eancia dos profissionais da sa\u00fade ao acatamento do ponto eletr\u00f4nico, conforme explanado nos encontros com os representantes dos munic\u00edpios, rea\u00e7\u00e3o que s\u00f3 se justifica pela inten\u00e7\u00e3o abertamente manifestada de descumprir a carga hor\u00e1ria prevista.<\/p>\n<p>Essa postura \u00e9 antirrepublicana e incompat\u00edvel com a ordem jur\u00eddica vigente, explicando em boa parte o not\u00f3rio descontentamento da popula\u00e7\u00e3o com o servi\u00e7o de sa\u00fade ofertado pelo SUS\u201d, considera o MPF.<\/p>\n<p>Interven\u00e7\u00e3o judicial \u2013 Conforme apresentado na a\u00e7\u00e3o, os munic\u00edpios demandados demonstraram ser coniventes com o descumprimento da carga hor\u00e1ria no servi\u00e7o de sa\u00fade, causando preju\u00edzo \u00e0 adequada presta\u00e7\u00e3o do servi\u00e7o de sa\u00fade e dos interesses da Uni\u00e3o, \u201cque injeta recursos para financiamento do SUS nos munic\u00edpios, utilizados, inclusive para pagamento de pessoal\u201d, cita o MPF.<\/p>\n<p>\u201cDesse modo, diante da recalcitr\u00e2ncia da administra\u00e7\u00e3o dos munic\u00edpios demandados em instalarem o controle eletr\u00f4nico de frequ\u00eancia dos profissionais de sa\u00fade, afigura-se necess\u00e1ria a interven\u00e7\u00e3o do Poder Judici\u00e1rio para determinar o cumprimento da medida, garantindo a plena realiza\u00e7\u00e3o do interesse p\u00fablico e do direito fundamental \u00e0 sa\u00fade\u201d argumenta o Minist\u00e9rio P\u00fablico.<\/p>\n<p><strong>CARIRI EM A\u00c7\u00c3O<\/strong><\/p>\n<p><em>Com PB Agora\/Foto: Reprodu\u00e7\u00e3o Internet\u00a0<\/em><\/p>\n<p><strong>Leia mais not\u00edcias em\u00a0<\/strong><a href=\"http:\/\/www.caririemacao.com\/\"><strong>caririemacao.com<\/strong><\/a><strong>, siga nossa p\u00e1gina no\u00a0<\/strong><a href=\"https:\/\/www.facebook.com\/CaririEmAcao\/?ref=aymt_homepage_panel\"><strong>Facebook<\/strong><\/a>,<strong>\u00a0<\/strong><a href=\"https:\/\/www.instagram.com\/cariri_em_acao\/?hl=pt-br\"><strong>Instagram<\/strong><\/a><strong>\u00a0e\u00a0<\/strong><a href=\"https:\/\/www.youtube.com\/channel\/UCAptA0jQuYQy8vMhLt2m4qg\"><strong>Youtube<\/strong><\/a><strong>\u00a0e veja nossas mat\u00e9rias, v\u00eddeos e fotos. Voc\u00ea tamb\u00e9m pode enviar informa\u00e7\u00f5es \u00e0 Reda\u00e7\u00e3o do Portal Cariri em A\u00e7\u00e3o pelo WhatsApp (83) 9 9634.5791, (83) 9 9601-1162.<\/strong><\/p>\n","protected":false},"excerpt":{"rendered":"<p>Em decorr\u00eancia do n\u00e3o cumprimento de recomenda\u00e7\u00f5es feitas aos munic\u00edpios, para que providenciassem a instala\u00e7\u00e3o e o regular funcionamento do registro eletr\u00f4nico de frequ\u00eancia dos&hellip; <\/p>\n","protected":false},"author":2,"featured_media":49097,"comment_status":"closed","ping_status":"closed","sticky":false,"template":"","format":"standard","meta":{"sfsi_plus_gutenberg_text_before_share":"","sfsi_plus_gutenberg_show_text_before_share":"","sfsi_plus_gutenberg_icon_type":"","sfsi_plus_gutenberg_icon_alignemt":"","sfsi_plus_gutenburg_max_per_row":"","footnotes":""},"categories":[2],"tags":[],"class_list":["post-49096","post","type-post","status-publish","format-standard","has-post-thumbnail","hentry","category-geral"],"_links":{"self":[{"href":"https:\/\/www.caririemacao.com\/1\/wp-json\/wp\/v2\/posts\/49096","targetHints":{"allow":["GET"]}}],"collection":[{"href":"https:\/\/www.caririemacao.com\/1\/wp-json\/wp\/v2\/posts"}],"about":[{"href":"https:\/\/www.caririemacao.com\/1\/wp-json\/wp\/v2\/types\/post"}],"author":[{"embeddable":true,"href":"https:\/\/www.caririemacao.com\/1\/wp-json\/wp\/v2\/users\/2"}],"replies":[{"embeddable":true,"href":"https:\/\/www.caririemacao.com\/1\/wp-json\/wp\/v2\/comments?post=49096"}],"version-history":[{"count":0,"href":"https:\/\/www.caririemacao.com\/1\/wp-json\/wp\/v2\/posts\/49096\/revisions"}],"wp:featuredmedia":[{"embeddable":true,"href":"https:\/\/www.caririemacao.com\/1\/wp-json\/wp\/v2\/media\/49097"}],"wp:attachment":[{"href":"https:\/\/www.caririemacao.com\/1\/wp-json\/wp\/v2\/media?parent=49096"}],"wp:term":[{"taxonomy":"category","embeddable":true,"href":"https:\/\/www.caririemacao.com\/1\/wp-json\/wp\/v2\/categories?post=49096"},{"taxonomy":"post_tag","embeddable":true,"href":"https:\/\/www.caririemacao.com\/1\/wp-json\/wp\/v2\/tags?post=49096"}],"curies":[{"name":"wp","href":"https:\/\/api.w.org\/{rel}","templated":true}]}}