{"id":49127,"date":"2018-04-26T05:19:37","date_gmt":"2018-04-26T08:19:37","guid":{"rendered":"http:\/\/caririemacao.com\/1\/?p=49127"},"modified":"2018-04-26T10:22:59","modified_gmt":"2018-04-26T13:22:59","slug":"secretaria-de-assistencia-social-de-santo-andre-oferta-oficina-para-confeccao-de-lixeiras-atraves-de-materiais-reciclaveis","status":"publish","type":"post","link":"https:\/\/www.caririemacao.com\/1\/2018\/04\/26\/secretaria-de-assistencia-social-de-santo-andre-oferta-oficina-para-confeccao-de-lixeiras-atraves-de-materiais-reciclaveis\/","title":{"rendered":"Secretaria de Assist\u00eancia Social de Santo Andr\u00e9 oferta oficina para confec\u00e7\u00e3o de lixeiras atrav\u00e9s de materiais recicl\u00e1veis"},"content":{"rendered":"<p>A Secretaria de Assist\u00eancia Social de Santo Andr\u00e9, esteve promovendo uma oficina para a confecc\u00e7\u00e3o de lixeiras atrav\u00e9s de materiais recicl\u00e1veis,com moradores da cidade, nesta semana.<\/p>\n<p>A iniciativa, faz parte de mais um dos tantos outros projetos j\u00e1 executados, dentro do cronograma de atividades da pasta, voltados para a preserva\u00e7\u00e3o do meio ambiente.<\/p>\n<p>Os materiais produzidos, estar\u00e3o sendo distribu\u00eddos em pontos estrat\u00e9gicos da cidade e servir\u00e3o com suporte para coleta de todo material descartado durante os festejos de Emancipa\u00e7\u00e3o Pol\u00edtica e da Festa da Cabra Rainha.<\/p>\n<p><strong>CARIRI EM A\u00c7\u00c3O<\/strong><\/p>\n<p><em>Com Secom\/Foto: Reprodu\u00e7\u00e3o<\/em><\/p>\n<p><strong>Leia mais not\u00edcias em\u00a0<\/strong><a href=\"http:\/\/www.caririemacao.com\/\"><strong>caririemacao.com<\/strong><\/a><strong>, siga nossa p\u00e1gina no\u00a0<\/strong><a href=\"https:\/\/www.facebook.com\/CaririEmAcao\/?ref=aymt_homepage_panel\"><strong>Facebook<\/strong><\/a>,<strong>\u00a0<\/strong><a href=\"https:\/\/www.instagram.com\/cariri_em_acao\/?hl=pt-br\"><strong>Instagram<\/strong><\/a><strong>\u00a0e\u00a0<\/strong><a href=\"https:\/\/www.youtube.com\/channel\/UCAptA0jQuYQy8vMhLt2m4qg\"><strong>Youtube<\/strong><\/a><strong>\u00a0e veja nossas mat\u00e9rias, v\u00eddeos e fotos. Voc\u00ea tamb\u00e9m pode enviar informa\u00e7\u00f5es \u00e0 Reda\u00e7\u00e3o do Portal Cariri em A\u00e7\u00e3o pelo WhatsApp (83) 9 9634.5791, (83) 9 9601-1162.<\/strong><\/p>\n","protected":false},"excerpt":{"rendered":"<p>A Secretaria de Assist\u00eancia Social de Santo Andr\u00e9, esteve promovendo uma oficina para a confecc\u00e7\u00e3o de lixeiras atrav\u00e9s de materiais recicl\u00e1veis,com moradores da cidade, nesta&hellip; <\/p>\n","protected":false},"author":2,"featured_media":49128,"comment_status":"closed","ping_status":"closed","sticky":false,"template":"","format":"standard","meta":{"sfsi_plus_gutenberg_text_before_share":"","sfsi_plus_gutenberg_show_text_before_share":"","sfsi_plus_gutenberg_icon_type":"","sfsi_plus_gutenberg_icon_alignemt":"","sfsi_plus_gutenburg_max_per_row":"","footnotes":""},"categories":[6],"tags":[],"class_list":["post-49127","post","type-post","status-publish","format-standard","has-post-thumbnail","hentry","category-cidades"],"_links":{"self":[{"href":"https:\/\/www.caririemacao.com\/1\/wp-json\/wp\/v2\/posts\/49127","targetHints":{"allow":["GET"]}}],"collection":[{"href":"https:\/\/www.caririemacao.com\/1\/wp-json\/wp\/v2\/posts"}],"about":[{"href":"https:\/\/www.caririemacao.com\/1\/wp-json\/wp\/v2\/types\/post"}],"author":[{"embeddable":true,"href":"https:\/\/www.caririemacao.com\/1\/wp-json\/wp\/v2\/users\/2"}],"replies":[{"embeddable":true,"href":"https:\/\/www.caririemacao.com\/1\/wp-json\/wp\/v2\/comments?post=49127"}],"version-history":[{"count":0,"href":"https:\/\/www.caririemacao.com\/1\/wp-json\/wp\/v2\/posts\/49127\/revisions"}],"wp:featuredmedia":[{"embeddable":true,"href":"https:\/\/www.caririemacao.com\/1\/wp-json\/wp\/v2\/media\/49128"}],"wp:attachment":[{"href":"https:\/\/www.caririemacao.com\/1\/wp-json\/wp\/v2\/media?parent=49127"}],"wp:term":[{"taxonomy":"category","embeddable":true,"href":"https:\/\/www.caririemacao.com\/1\/wp-json\/wp\/v2\/categories?post=49127"},{"taxonomy":"post_tag","embeddable":true,"href":"https:\/\/www.caririemacao.com\/1\/wp-json\/wp\/v2\/tags?post=49127"}],"curies":[{"name":"wp","href":"https:\/\/api.w.org\/{rel}","templated":true}]}}