{"id":49212,"date":"2018-04-27T07:58:27","date_gmt":"2018-04-27T10:58:27","guid":{"rendered":"http:\/\/caririemacao.com\/1\/?p=49212"},"modified":"2018-04-27T07:59:03","modified_gmt":"2018-04-27T10:59:03","slug":"comerciante-e-baleado-durante-assalto-em-parada-de-onibus","status":"publish","type":"post","link":"https:\/\/www.caririemacao.com\/1\/2018\/04\/27\/comerciante-e-baleado-durante-assalto-em-parada-de-onibus\/","title":{"rendered":"Comerciante \u00e9 baleado durante assalto em parada de \u00f4nibus"},"content":{"rendered":"<p>Um homem foi baleado em uma parada de \u00f4nibus, localizada na Avenida Souza Rangel, no Rangel, na manh\u00e3 da \u00faltima quinta-feira (26).<\/p>\n<p>A v\u00edtima, identificada como Nelson Tome, de 59 anos, tem um pequeno estabelecimento comercial no Mercado Central.<\/p>\n<p>Uma testemunha ocular afirmou que o crime foi cometido por dois homens em uma moto, mas n\u00e3o soube informar se Nelson reagiu ao assalto.<br \/>\nNo hospital, os parentes estavam abalados, relataram que ele \u00e9 um cidad\u00e3o de bem e contaram que ele estava indo trabalhar de \u00f4nibus porque tinha um problema na coluna.<\/p>\n<p><a href=\"http:\/\/caririemacao.com\/1\/?attachment_id=49213\" rel=\"attachment wp-att-49213\"><img fetchpriority=\"high\" decoding=\"async\" class=\"aligncenter size-full wp-image-49213\" src=\"http:\/\/caririemacao.com\/1\/wp-content\/uploads\/2018\/04\/7178456E-AF0C-47BE-B96D-5DDD33E77826-696x696.jpeg\" alt=\"\" width=\"696\" height=\"696\" srcset=\"https:\/\/www.caririemacao.com\/1\/wp-content\/uploads\/2018\/04\/7178456E-AF0C-47BE-B96D-5DDD33E77826-696x696.jpeg 696w, https:\/\/www.caririemacao.com\/1\/wp-content\/uploads\/2018\/04\/7178456E-AF0C-47BE-B96D-5DDD33E77826-696x696-150x150.jpeg 150w, https:\/\/www.caririemacao.com\/1\/wp-content\/uploads\/2018\/04\/7178456E-AF0C-47BE-B96D-5DDD33E77826-696x696-300x300.jpeg 300w\" sizes=\"(max-width: 696px) 100vw, 696px\" \/><\/a><\/p>\n<p><strong>CARIRI EM A\u00c7\u00c3O<\/strong><\/p>\n<p><em>Com Hoje PB<\/em><\/p>\n<p><strong>Leia mais not\u00edcias em\u00a0<\/strong><a href=\"http:\/\/www.caririemacao.com\/\"><strong>caririemacao.com<\/strong><\/a><strong>, siga nossa p\u00e1gina no\u00a0<\/strong><a href=\"https:\/\/www.facebook.com\/CaririEmAcao\/?ref=aymt_homepage_panel\"><strong>Facebook<\/strong><\/a>,<strong>\u00a0<\/strong><a href=\"https:\/\/www.instagram.com\/cariri_em_acao\/?hl=pt-br\"><strong>Instagram<\/strong><\/a><strong>\u00a0e\u00a0<\/strong><a href=\"https:\/\/www.youtube.com\/channel\/UCAptA0jQuYQy8vMhLt2m4qg\"><strong>Youtube<\/strong><\/a><strong>\u00a0e veja nossas mat\u00e9rias, v\u00eddeos e fotos. Voc\u00ea tamb\u00e9m pode enviar informa\u00e7\u00f5es \u00e0 Reda\u00e7\u00e3o do Portal Cariri em A\u00e7\u00e3o pelo WhatsApp (83) 9 9634.5791, (83) 9 9601-1162.<\/strong><\/p>\n","protected":false},"excerpt":{"rendered":"<p>Um homem foi baleado em uma parada de \u00f4nibus, localizada na Avenida Souza Rangel, no Rangel, na manh\u00e3 da \u00faltima quinta-feira (26). A v\u00edtima, identificada&hellip; <\/p>\n","protected":false},"author":2,"featured_media":953,"comment_status":"closed","ping_status":"closed","sticky":false,"template":"","format":"standard","meta":{"sfsi_plus_gutenberg_text_before_share":"","sfsi_plus_gutenberg_show_text_before_share":"","sfsi_plus_gutenberg_icon_type":"","sfsi_plus_gutenberg_icon_alignemt":"","sfsi_plus_gutenburg_max_per_row":"","footnotes":""},"categories":[12],"tags":[],"class_list":["post-49212","post","type-post","status-publish","format-standard","has-post-thumbnail","hentry","category-policia"],"_links":{"self":[{"href":"https:\/\/www.caririemacao.com\/1\/wp-json\/wp\/v2\/posts\/49212","targetHints":{"allow":["GET"]}}],"collection":[{"href":"https:\/\/www.caririemacao.com\/1\/wp-json\/wp\/v2\/posts"}],"about":[{"href":"https:\/\/www.caririemacao.com\/1\/wp-json\/wp\/v2\/types\/post"}],"author":[{"embeddable":true,"href":"https:\/\/www.caririemacao.com\/1\/wp-json\/wp\/v2\/users\/2"}],"replies":[{"embeddable":true,"href":"https:\/\/www.caririemacao.com\/1\/wp-json\/wp\/v2\/comments?post=49212"}],"version-history":[{"count":0,"href":"https:\/\/www.caririemacao.com\/1\/wp-json\/wp\/v2\/posts\/49212\/revisions"}],"wp:featuredmedia":[{"embeddable":true,"href":"https:\/\/www.caririemacao.com\/1\/wp-json\/wp\/v2\/media\/953"}],"wp:attachment":[{"href":"https:\/\/www.caririemacao.com\/1\/wp-json\/wp\/v2\/media?parent=49212"}],"wp:term":[{"taxonomy":"category","embeddable":true,"href":"https:\/\/www.caririemacao.com\/1\/wp-json\/wp\/v2\/categories?post=49212"},{"taxonomy":"post_tag","embeddable":true,"href":"https:\/\/www.caririemacao.com\/1\/wp-json\/wp\/v2\/tags?post=49212"}],"curies":[{"name":"wp","href":"https:\/\/api.w.org\/{rel}","templated":true}]}}