{"id":49225,"date":"2018-04-27T08:15:40","date_gmt":"2018-04-27T11:15:40","guid":{"rendered":"http:\/\/caririemacao.com\/1\/?p=49225"},"modified":"2018-04-27T08:15:40","modified_gmt":"2018-04-27T11:15:40","slug":"elecoes-para-professor-substituto-da-ufcg-inscrevem-ate-esta-sexta-feira","status":"publish","type":"post","link":"https:\/\/www.caririemacao.com\/1\/2018\/04\/27\/elecoes-para-professor-substituto-da-ufcg-inscrevem-ate-esta-sexta-feira\/","title":{"rendered":"ele\u00e7\u00f5es para professor substituto da UFCG inscrevem at\u00e9 esta sexta-feira"},"content":{"rendered":"<div class=\"mc-column content-text active-extra-styles active-capital-letter\" data-block-type=\"unstyled\" data-block-weight=\"31\" data-block-id=\"2\">\n<p class=\"content-text__container theme-color-primary-first-letter\" data-track-category=\"Link no Texto\" data-track-links=\"\">Terminam nesta sexta-feira (27) as inscri\u00e7\u00f5es para os\u00a0processos seletivos para contrata\u00e7\u00e3o de professores auxiliares e substitutos\u00a0para contrata\u00e7\u00e3o de professores auxiliares e substitutos da Universidade Federal de Campina Grande (UFCG).<\/p>\n<\/div>\n<div class=\"mc-column content-text active-extra-styles \" data-block-type=\"unstyled\" data-block-weight=\"51\" data-block-id=\"3\">\n<p class=\"content-text__container \" data-track-category=\"Link no Texto\" data-track-links=\"\">A Institui\u00e7\u00e3o oferece uma vaga para a Unidade Acad\u00eamica de Letras e tr\u00eas vagas para \u00e1reas de engenharia florestal, qu\u00edmica e economia. As inscri\u00e7\u00f5es para professor substituto de Letras, em Campina Grande, custam R$ 30. A sele\u00e7\u00e3o tem uma vaga e deve preencher a \u00e1rea de Teoria Liter\u00e1ria e Literatura Brasileira.<\/p>\n<\/div>\n<div class=\"mc-column content-text active-extra-styles\" data-block-type=\"raw\" data-block-weight=\"7\" data-block-id=\"4\">\n<ul class=\"content-unordered-list\">\n<li><a href=\"http:\/\/www.ufcg.edu.br:8080\/chamadas\/downloads\/592885.pdf\" target=\"_blank\" rel=\"noopener\">Confira o edital para sele\u00e7\u00e3o de Letras<\/a><\/li>\n<\/ul>\n<\/div>\n<div class=\"mc-column content-text active-extra-styles \" data-block-type=\"unstyled\" data-block-weight=\"48\" data-block-id=\"5\">\n<p class=\"content-text__container \" data-track-category=\"Link no Texto\" data-track-links=\"\">Tamb\u00e9m continuam at\u00e9 esta sexta-feira (27) as inscri\u00e7\u00f5es para as sele\u00e7\u00f5es de professores subtitutos nas \u00e1reas de engenharia florestal e qu\u00edmica, para o campus de Patos, no Sert\u00e3o, e economia para o campus sede, em Campina Grande. Os vencimentos b\u00e1sicos s\u00e3o de R$ 3.121,76, mais retribui\u00e7\u00e3o por titula\u00e7\u00e3o.<\/p>\n<\/div>\n<div data-track-category=\"fim do conteudo\" data-track-action=\"ultimo chunk conteudo\" data-track-noninteraction=\"false\" data-track-scroll=\"entrada completa viewport\">\n<div class=\"mc-column content-text active-extra-styles\" data-block-type=\"raw\" data-block-weight=\"16\" data-block-id=\"6\">\n<ul class=\"content-unordered-list\">\n<li><a href=\"http:\/\/www.ufcg.edu.br:8080\/chamadas\/downloads\/322323.pdf\" target=\"_blank\" rel=\"noopener\">Confira os editais para engenharia florestal e qu\u00edmica<\/a><\/li>\n<li><a href=\"http:\/\/www.ufcg.edu.br:8080\/chamadas\/downloads\/626833.pdf\" target=\"_blank\" rel=\"noopener\">Confira o edital para a vaga de economia<\/a><\/li>\n<\/ul>\n<p><strong>CARIRI EM A\u00c7\u00c3O<\/strong><\/p>\n<p><em>Com G1\/Foto: Reprodu\u00e7\u00e3o google<\/em><\/p>\n<p><strong>Leia mais not\u00edcias em\u00a0<\/strong><a href=\"http:\/\/www.caririemacao.com\/\"><strong>caririemacao.com<\/strong><\/a><strong>, siga nossa p\u00e1gina no\u00a0<\/strong><a href=\"https:\/\/www.facebook.com\/CaririEmAcao\/?ref=aymt_homepage_panel\"><strong>Facebook<\/strong><\/a>,<strong>\u00a0<\/strong><a href=\"https:\/\/www.instagram.com\/cariri_em_acao\/?hl=pt-br\"><strong>Instagram<\/strong><\/a><strong>\u00a0e\u00a0<\/strong><a href=\"https:\/\/www.youtube.com\/channel\/UCAptA0jQuYQy8vMhLt2m4qg\"><strong>Youtube<\/strong><\/a><strong>\u00a0e veja nossas mat\u00e9rias, v\u00eddeos e fotos. Voc\u00ea tamb\u00e9m pode enviar informa\u00e7\u00f5es \u00e0 Reda\u00e7\u00e3o do Portal Cariri em A\u00e7\u00e3o pelo WhatsApp (83) 9 9634.5791, (83) 9 9601-1162.<\/strong><\/p>\n<\/div>\n<\/div>\n","protected":false},"excerpt":{"rendered":"<p>Terminam nesta sexta-feira (27) as inscri\u00e7\u00f5es para os\u00a0processos seletivos para contrata\u00e7\u00e3o de professores auxiliares e substitutos\u00a0para contrata\u00e7\u00e3o de professores auxiliares e substitutos da Universidade Federal&hellip; <\/p>\n","protected":false},"author":2,"featured_media":41731,"comment_status":"closed","ping_status":"closed","sticky":false,"template":"","format":"standard","meta":{"sfsi_plus_gutenberg_text_before_share":"","sfsi_plus_gutenberg_show_text_before_share":"","sfsi_plus_gutenberg_icon_type":"","sfsi_plus_gutenberg_icon_alignemt":"","sfsi_plus_gutenburg_max_per_row":"","footnotes":""},"categories":[14],"tags":[],"class_list":["post-49225","post","type-post","status-publish","format-standard","has-post-thumbnail","hentry","category-educacao"],"_links":{"self":[{"href":"https:\/\/www.caririemacao.com\/1\/wp-json\/wp\/v2\/posts\/49225","targetHints":{"allow":["GET"]}}],"collection":[{"href":"https:\/\/www.caririemacao.com\/1\/wp-json\/wp\/v2\/posts"}],"about":[{"href":"https:\/\/www.caririemacao.com\/1\/wp-json\/wp\/v2\/types\/post"}],"author":[{"embeddable":true,"href":"https:\/\/www.caririemacao.com\/1\/wp-json\/wp\/v2\/users\/2"}],"replies":[{"embeddable":true,"href":"https:\/\/www.caririemacao.com\/1\/wp-json\/wp\/v2\/comments?post=49225"}],"version-history":[{"count":0,"href":"https:\/\/www.caririemacao.com\/1\/wp-json\/wp\/v2\/posts\/49225\/revisions"}],"wp:featuredmedia":[{"embeddable":true,"href":"https:\/\/www.caririemacao.com\/1\/wp-json\/wp\/v2\/media\/41731"}],"wp:attachment":[{"href":"https:\/\/www.caririemacao.com\/1\/wp-json\/wp\/v2\/media?parent=49225"}],"wp:term":[{"taxonomy":"category","embeddable":true,"href":"https:\/\/www.caririemacao.com\/1\/wp-json\/wp\/v2\/categories?post=49225"},{"taxonomy":"post_tag","embeddable":true,"href":"https:\/\/www.caririemacao.com\/1\/wp-json\/wp\/v2\/tags?post=49225"}],"curies":[{"name":"wp","href":"https:\/\/api.w.org\/{rel}","templated":true}]}}