{"id":49233,"date":"2018-04-27T08:23:53","date_gmt":"2018-04-27T11:23:53","guid":{"rendered":"http:\/\/caririemacao.com\/1\/?p=49233"},"modified":"2018-04-27T08:23:53","modified_gmt":"2018-04-27T11:23:53","slug":"crianca-do-cariri-e-a-primeira-a-fazer-cirurgia-de-coracao-no-hospital-dom-jose-maria-pires","status":"publish","type":"post","link":"https:\/\/www.caririemacao.com\/1\/2018\/04\/27\/crianca-do-cariri-e-a-primeira-a-fazer-cirurgia-de-coracao-no-hospital-dom-jose-maria-pires\/","title":{"rendered":"Crian\u00e7a do Cariri \u00e9 a primeira a fazer cirurgia de cora\u00e7\u00e3o no Hospital Dom Jos\u00e9 Maria Pires"},"content":{"rendered":"<p>Uma das\u00a0as duas crian\u00e7as que se submeteram a processos cir\u00fargicos no Hospital Metropolitano Dom Jos\u00e9 Maria Pires para corre\u00e7\u00e3o de problemas relacionados a cardiopatias cong\u00eanitas, detectados pela Rede Pedi\u00e1trica da Para\u00edba \u00e9 do Cariri paraibano. Trata-se de Karen da Silva Gouveia, de dois anos, que abriu os procedimentos cir\u00fargicos da unidade hospitalar, refer\u00eancia em cardiologia e em neurologia. Outra crian\u00e7a ainda passou por cirurgia,\u00a0Enzo Gabriel Ponciano, de um ano de idade.<\/p>\n<p>O Hospital Metropolitano Dom Jos\u00e9 Maria Pires, inaugurado pelo Governo do Estado no dia 4 deste m\u00eas.<\/p>\n<p>A diretora-geral do Hospital Dom Jos\u00e9 Maria Pires, Roberta Abath, destacou a import\u00e2ncia da Rede de Cardiologia Pedi\u00e1trica neste momento hist\u00f3rico. \u201cEssas crian\u00e7as foram detectadas com malforma\u00e7\u00f5es card\u00edacas cong\u00eanitas, que precisam de corre\u00e7\u00f5es cir\u00fargicas, depois de todo o acompanhamento e realiza\u00e7\u00e3o de exames. \u00c9 uma alegria muito grande saber que a Para\u00edba tem condi\u00e7\u00f5es de oferecer esse tipo de cirurgia\u201d, afirmou, lembrando todo o suporte necess\u00e1rio disponibilizado pelo Hospital Dom Jos\u00e9 Maria Pires.<\/p>\n<p>As patologias card\u00edacas detectadas nas crian\u00e7as pela Rede de Cardiologia Pedi\u00e1trica foram Persist\u00eancia do Canal Arterial (PCA), que necessitava de uma ligadura; e uma Comunica\u00e7\u00e3o Intraverticular (CIV). \u201cNo rol das cirurgias card\u00edacas, a PCA tem gravidade menor que a CVI, mas todas s\u00e3o cirurgias com gravidade\u201d, explicou o diretor-t\u00e9cnico do Hospital Dom Jos\u00e9 Maria Pires, Ademir Jacob, ressaltando que o sucesso desse tipo de procedimento cir\u00fargico gira em torno de 95%.<\/p>\n<p><strong>Emo\u00e7\u00e3o dos pais<\/strong>\u00a0\u2013 A professora Rosenilda Gouveia, de Tapero\u00e1, Cariri paraibano, descobriu a cardiopatia da filha, a pequena Karen, de dois anos, em outubro do ano passado. Ela n\u00e3o esperava que a solu\u00e7\u00e3o chegasse em t\u00e3o pouco tempo. \u201cSurgiu uma febre em Karen acompanhada de uma infec\u00e7\u00e3o urin\u00e1ria. Ap\u00f3s alguns exames, chegamos ao diagn\u00f3stico da cardiopatia. Foi um momento muito dif\u00edcil na nossa fam\u00edlia, e n\u00e3o esper\u00e1vamos que, em t\u00e3o pouco tempo, ter\u00edamos essa vit\u00f3ria\u201d, afirmou confiante. \u201cEsse hospital foi uma grande porta aberta, e n\u00e3o tenho d\u00favidas de que tudo vai dar certo\u201d, acrescentou.<\/p>\n<p>A costureira Maria de Lourdes Soares da Silva, de Itapororoca, no Vale do Mamanguape, descobriu a cardiopatia do Enzo ap\u00f3s adotar a crian\u00e7a de uma prima. \u201cEle estava muito magrinho, e ent\u00e3o decidi lev\u00e1-lo ao m\u00e9dico do Programa de Sa\u00fade da Fam\u00edlia. De l\u00e1, fui encaminhada para o Hospital Arlinda Marques\u201d, contou. \u201cEstou confiante e sinto muita felicidade de encontrar aqui a solu\u00e7\u00e3o para o problema do meu filho\u201d, declarou, agradecendo o tratamento humanizado que recebeu da equipe hospitalar.<\/p>\n<p><strong>CARIRI EM A\u00c7\u00c3O<\/strong><\/p>\n<p><em>Com Vitrine do Cariri\/Foto:\u00a0Vitrine do Cariri<\/em><\/p>\n<p><strong>Leia mais not\u00edcias em\u00a0<\/strong><a href=\"http:\/\/www.caririemacao.com\/\"><strong>caririemacao.com<\/strong><\/a><strong>, siga nossa p\u00e1gina no\u00a0<\/strong><a href=\"https:\/\/www.facebook.com\/CaririEmAcao\/?ref=aymt_homepage_panel\"><strong>Facebook<\/strong><\/a>,<strong>\u00a0<\/strong><a href=\"https:\/\/www.instagram.com\/cariri_em_acao\/?hl=pt-br\"><strong>Instagram<\/strong><\/a><strong>\u00a0e\u00a0<\/strong><a href=\"https:\/\/www.youtube.com\/channel\/UCAptA0jQuYQy8vMhLt2m4qg\"><strong>Youtube<\/strong><\/a><strong>\u00a0e veja nossas mat\u00e9rias, v\u00eddeos e fotos. Voc\u00ea tamb\u00e9m pode enviar informa\u00e7\u00f5es \u00e0 Reda\u00e7\u00e3o do Portal Cariri em A\u00e7\u00e3o pelo WhatsApp (83) 9 9634.5791, (83) 9 9601-1162.<\/strong><\/p>\n","protected":false},"excerpt":{"rendered":"<p>Uma das\u00a0as duas crian\u00e7as que se submeteram a processos cir\u00fargicos no Hospital Metropolitano Dom Jos\u00e9 Maria Pires para corre\u00e7\u00e3o de problemas relacionados a cardiopatias cong\u00eanitas,&hellip; <\/p>\n","protected":false},"author":2,"featured_media":49234,"comment_status":"closed","ping_status":"closed","sticky":false,"template":"","format":"standard","meta":{"sfsi_plus_gutenberg_text_before_share":"","sfsi_plus_gutenberg_show_text_before_share":"","sfsi_plus_gutenberg_icon_type":"","sfsi_plus_gutenberg_icon_alignemt":"","sfsi_plus_gutenburg_max_per_row":"","footnotes":""},"categories":[2],"tags":[],"class_list":["post-49233","post","type-post","status-publish","format-standard","has-post-thumbnail","hentry","category-geral"],"_links":{"self":[{"href":"https:\/\/www.caririemacao.com\/1\/wp-json\/wp\/v2\/posts\/49233","targetHints":{"allow":["GET"]}}],"collection":[{"href":"https:\/\/www.caririemacao.com\/1\/wp-json\/wp\/v2\/posts"}],"about":[{"href":"https:\/\/www.caririemacao.com\/1\/wp-json\/wp\/v2\/types\/post"}],"author":[{"embeddable":true,"href":"https:\/\/www.caririemacao.com\/1\/wp-json\/wp\/v2\/users\/2"}],"replies":[{"embeddable":true,"href":"https:\/\/www.caririemacao.com\/1\/wp-json\/wp\/v2\/comments?post=49233"}],"version-history":[{"count":0,"href":"https:\/\/www.caririemacao.com\/1\/wp-json\/wp\/v2\/posts\/49233\/revisions"}],"wp:featuredmedia":[{"embeddable":true,"href":"https:\/\/www.caririemacao.com\/1\/wp-json\/wp\/v2\/media\/49234"}],"wp:attachment":[{"href":"https:\/\/www.caririemacao.com\/1\/wp-json\/wp\/v2\/media?parent=49233"}],"wp:term":[{"taxonomy":"category","embeddable":true,"href":"https:\/\/www.caririemacao.com\/1\/wp-json\/wp\/v2\/categories?post=49233"},{"taxonomy":"post_tag","embeddable":true,"href":"https:\/\/www.caririemacao.com\/1\/wp-json\/wp\/v2\/tags?post=49233"}],"curies":[{"name":"wp","href":"https:\/\/api.w.org\/{rel}","templated":true}]}}